{"id":11572,"date":"2022-11-28T10:45:01","date_gmt":"2022-11-28T10:45:01","guid":{"rendered":"http:\/\/zonade3.com.ar.ar\/blog\/?p=11572"},"modified":"2022-11-28T10:50:32","modified_gmt":"2022-11-28T10:50:32","slug":"la-seleccion-u-15-femenina-de-cordoba-entreno-en-centro-social","status":"publish","type":"post","link":"http:\/\/zonade3.com.ar\/blog\/la-seleccion-u-15-femenina-de-cordoba-entreno-en-centro-social\/","title":{"rendered":"La Selecci\u00f3n U 15 Femenina de C\u00f3rdoba entren\u00f3 en Centro Social"},"content":{"rendered":"\n<p>Se llevo a cabo en Centro Social de Brinkmann, un entrenamiento de la Selecci\u00f3n U 15 de C\u00f3rdoba que dirige German Giaveno con vistas al Argentino a jugarse en Mendoza que se desarrollar\u00e1 desde el 1 de diciembre en Tunuy\u00e1n y organizado por CAB.<\/p>\n\n\n\n<p>En el mismo, las chicas seleccionadas enfrentaron a un combinado integrado por jugadoras de categor\u00eda U 15 y U 17 de la Asociaci\u00f3n de B\u00e1squet Morteros.<\/p>\n\n\n\n<p>De esta manera, se preparan, tanto cuerpo t\u00e9cnico como jugadoras, para la gran competencia nacional. El equipo tendr\u00e1 presencia rojinegra ya que fueron seleccionadas las jugadoras Emilia Cesana, Martina Valdez y Milagros Grant, como as\u00ed tambi\u00e9n el entrenador Germ\u00e1n Giaveno.<\/p>\n","protected":false},"excerpt":{"rendered":"<p>Se llevo a cabo en Centro Social de Brinkmann, un entrenamiento de la Selecci\u00f3n U 15 de C\u00f3rdoba<\/p>\n","protected":false},"author":2,"featured_media":11573,"comment_status":"open","ping_status":"open","sticky":false,"template":"","format":"standard","meta":{"footnotes":""},"categories":[1],"tags":[],"class_list":["post-11572","post","type-post","status-publish","format-standard","has-post-thumbnail","hentry","category-sin-categoria"],"_links":{"self":[{"href":"http:\/\/zonade3.com.ar\/blog\/wp-json\/wp\/v2\/posts\/11572","targetHints":{"allow":["GET"]}}],"collection":[{"href":"http:\/\/zonade3.com.ar\/blog\/wp-json\/wp\/v2\/posts"}],"about":[{"href":"http:\/\/zonade3.com.ar\/blog\/wp-json\/wp\/v2\/types\/post"}],"author":[{"embeddable":true,"href":"http:\/\/zonade3.com.ar\/blog\/wp-json\/wp\/v2\/users\/2"}],"replies":[{"embeddable":true,"href":"http:\/\/zonade3.com.ar\/blog\/wp-json\/wp\/v2\/comments?post=11572"}],"version-history":[{"count":2,"href":"http:\/\/zonade3.com.ar\/blog\/wp-json\/wp\/v2\/posts\/11572\/revisions"}],"predecessor-version":[{"id":11575,"href":"http:\/\/zonade3.com.ar\/blog\/wp-json\/wp\/v2\/posts\/11572\/revisions\/11575"}],"wp:featuredmedia":[{"embeddable":true,"href":"http:\/\/zonade3.com.ar\/blog\/wp-json\/wp\/v2\/media\/11573"}],"wp:attachment":[{"href":"http:\/\/zonade3.com.ar\/blog\/wp-json\/wp\/v2\/media?parent=11572"}],"wp:term":[{"taxonomy":"category","embeddable":true,"href":"http:\/\/zonade3.com.ar\/blog\/wp-json\/wp\/v2\/categories?post=11572"},{"taxonomy":"post_tag","embeddable":true,"href":"http:\/\/zonade3.com.ar\/blog\/wp-json\/wp\/v2\/tags?post=11572"}],"curies":[{"name":"wp","href":"https:\/\/api.w.org\/{rel}","templated":true}]}}