{"id":11602,"date":"2022-12-05T11:38:36","date_gmt":"2022-12-05T11:38:36","guid":{"rendered":"http:\/\/zonade3.com.ar.ar\/blog\/?p=11602"},"modified":"2022-12-05T11:38:54","modified_gmt":"2022-12-05T11:38:54","slug":"liga-cordobesa-el-ceibo-bicampeon-provincial","status":"publish","type":"post","link":"http:\/\/zonade3.com.ar\/blog\/liga-cordobesa-el-ceibo-bicampeon-provincial\/","title":{"rendered":"Liga Cordobesa: El Ceibo, bicampe\u00f3n provincial"},"content":{"rendered":"\n<p>El Ceibo derrot\u00f3 a Bochas Sport Club por 65 a 55 y se consagr\u00f3 bicampe\u00f3n de la Liga Provincial de B\u00e1squet.<\/p>\n\n\n\n<p>La \u201cflor nacional\u201d no para de festejar y ahora lo hizo alcanzando el t\u00edtulo por segundo a\u00f1o consecutivo de la m\u00e1xima competencia provincial a nivel de clubes. Venci\u00f3 a Bochas como local y logr\u00f3 el objetivo al quedarse con la serie final 2 a 1. Fue un encuentro que lo tuvo desde el comienzo como dominador del juego. Sac\u00f3 una leve diferencia en el primer cuarto que su rival no pudo limar nunca. Los de nuestra ciudad supieron mantener el ritmo y nunca entraron en desesperaci\u00f3n.<\/p>\n\n\n\n<p>Sobre el final Bochas no encontr\u00f3 los caminos para lastimar una defensa f\u00e9rrea del local y no tuvo elementos, pese a su jerarqu\u00eda, para dar vuelta el partido.<\/p>\n\n\n\n<p>El Ceibo sabe de finales y volvi\u00f3 a dar una vuelta ol\u00edmpica. Esta vez frente a su gente y en su estadio. Logr\u00f3 el segundo t\u00edtulo provincial consecutivo e igual\u00f3 algo que s\u00f3lo hab\u00eda hecho Barrio Parque.<\/p>\n\n\n\n<p><strong>S\u00edntesis:<\/strong><\/p>\n\n\n\n<p>El Ceibo: Agust\u00edn Lozano, Luciano Garc\u00eda, Lautaro Florito, Mart\u00edn Sauco, Horacio Rigada, Tom\u00e1s Silveira, Gast\u00f3n Quiroga, Juan Grosso, Tom\u00e1s Paschetto, Juan Rosa, Zair Jaluf y Matteo Blengini. Dt: Eduardo Blengini.<\/p>\n\n\n\n<p>Bochas Sport: Ignacio Segura, Manuel Aranda, Agust\u00edn Jure, Lucas Gonz\u00e1lez, Emiliano Rossi, Agust\u00edn Moreno, Pedro Edwards, Juli\u00e1n Garatte, Patricio Alloco, Fabrizio Boscatto, Marcos Tissera y Federico Grenni. Dt: Cristian Colli.<\/p>\n\n\n\n<p>Parciales: El Ceibo 15 \/ Bochas 6, 31\/21, 49\/40,<\/p>\n\n\n\n<p>\u00c1rbitros: Marcelo P\u00e9rez, Andr\u00e9s Cassina y Emanuel Buffa.<\/p>\n\n\n\n<p>Estadio: \u201cAntonio Cena\u201d.<br>Fuente\/Foto: DiarioSports<\/p>\n","protected":false},"excerpt":{"rendered":"<p>El Ceibo derrot\u00f3 a Bochas Sport Club por 65 a 55 y se consagr\u00f3 bicampe\u00f3n de la Liga<\/p>\n","protected":false},"author":2,"featured_media":11603,"comment_status":"open","ping_status":"open","sticky":false,"template":"","format":"standard","meta":{"footnotes":""},"categories":[1],"tags":[],"class_list":["post-11602","post","type-post","status-publish","format-standard","has-post-thumbnail","hentry","category-sin-categoria"],"_links":{"self":[{"href":"http:\/\/zonade3.com.ar\/blog\/wp-json\/wp\/v2\/posts\/11602","targetHints":{"allow":["GET"]}}],"collection":[{"href":"http:\/\/zonade3.com.ar\/blog\/wp-json\/wp\/v2\/posts"}],"about":[{"href":"http:\/\/zonade3.com.ar\/blog\/wp-json\/wp\/v2\/types\/post"}],"author":[{"embeddable":true,"href":"http:\/\/zonade3.com.ar\/blog\/wp-json\/wp\/v2\/users\/2"}],"replies":[{"embeddable":true,"href":"http:\/\/zonade3.com.ar\/blog\/wp-json\/wp\/v2\/comments?post=11602"}],"version-history":[{"count":2,"href":"http:\/\/zonade3.com.ar\/blog\/wp-json\/wp\/v2\/posts\/11602\/revisions"}],"predecessor-version":[{"id":11605,"href":"http:\/\/zonade3.com.ar\/blog\/wp-json\/wp\/v2\/posts\/11602\/revisions\/11605"}],"wp:featuredmedia":[{"embeddable":true,"href":"http:\/\/zonade3.com.ar\/blog\/wp-json\/wp\/v2\/media\/11603"}],"wp:attachment":[{"href":"http:\/\/zonade3.com.ar\/blog\/wp-json\/wp\/v2\/media?parent=11602"}],"wp:term":[{"taxonomy":"category","embeddable":true,"href":"http:\/\/zonade3.com.ar\/blog\/wp-json\/wp\/v2\/categories?post=11602"},{"taxonomy":"post_tag","embeddable":true,"href":"http:\/\/zonade3.com.ar\/blog\/wp-json\/wp\/v2\/tags?post=11602"}],"curies":[{"name":"wp","href":"https:\/\/api.w.org\/{rel}","templated":true}]}}