{"id":11611,"date":"2022-12-05T13:43:27","date_gmt":"2022-12-05T13:43:27","guid":{"rendered":"http:\/\/zonade3.com.ar.ar\/blog\/?p=11611"},"modified":"2022-12-05T13:43:27","modified_gmt":"2022-12-05T13:43:27","slug":"banda-norte-se-bajo-de-la-liga-federal-tiro-sigue-el-mismo-camino","status":"publish","type":"post","link":"http:\/\/zonade3.com.ar\/blog\/banda-norte-se-bajo-de-la-liga-federal-tiro-sigue-el-mismo-camino\/","title":{"rendered":"Banda Norte se baj\u00f3 de la Liga Federal&#8230;Tiro sigue el mismo camino??"},"content":{"rendered":"\n<p>En las ultimas horas, la Sub Comisi\u00f3n de Basquetbol de Asociaci\u00f3n Atl\u00e9tica Banda Norte, comunic\u00f3 que la instituci\u00f3n no participar\u00e1 de la pr\u00f3xima Edici\u00f3n de la Liga Federal de Basquetbol de mayores<br><br>Esa Plaza fue adquirida por resultado deportivo en la 25 Liga Cordobesa de Basquetbol. Esta decisi\u00f3n ya ha sido comunicada a la F.B.P.C.<br><br>Tiro Federal segur\u00eda el mismo camino, mas all\u00e1 de algun analisis realizado en materia de sponsors. <\/p>\n\n\n\n<p><\/p>\n","protected":false},"excerpt":{"rendered":"<p>En las ultimas horas, la Sub Comisi\u00f3n de Basquetbol de Asociaci\u00f3n Atl\u00e9tica Banda Norte, comunic\u00f3 que la instituci\u00f3n<\/p>\n","protected":false},"author":2,"featured_media":10447,"comment_status":"open","ping_status":"open","sticky":false,"template":"","format":"standard","meta":{"footnotes":""},"categories":[1],"tags":[],"class_list":["post-11611","post","type-post","status-publish","format-standard","has-post-thumbnail","hentry","category-sin-categoria"],"_links":{"self":[{"href":"http:\/\/zonade3.com.ar\/blog\/wp-json\/wp\/v2\/posts\/11611","targetHints":{"allow":["GET"]}}],"collection":[{"href":"http:\/\/zonade3.com.ar\/blog\/wp-json\/wp\/v2\/posts"}],"about":[{"href":"http:\/\/zonade3.com.ar\/blog\/wp-json\/wp\/v2\/types\/post"}],"author":[{"embeddable":true,"href":"http:\/\/zonade3.com.ar\/blog\/wp-json\/wp\/v2\/users\/2"}],"replies":[{"embeddable":true,"href":"http:\/\/zonade3.com.ar\/blog\/wp-json\/wp\/v2\/comments?post=11611"}],"version-history":[{"count":1,"href":"http:\/\/zonade3.com.ar\/blog\/wp-json\/wp\/v2\/posts\/11611\/revisions"}],"predecessor-version":[{"id":11612,"href":"http:\/\/zonade3.com.ar\/blog\/wp-json\/wp\/v2\/posts\/11611\/revisions\/11612"}],"wp:featuredmedia":[{"embeddable":true,"href":"http:\/\/zonade3.com.ar\/blog\/wp-json\/wp\/v2\/media\/10447"}],"wp:attachment":[{"href":"http:\/\/zonade3.com.ar\/blog\/wp-json\/wp\/v2\/media?parent=11611"}],"wp:term":[{"taxonomy":"category","embeddable":true,"href":"http:\/\/zonade3.com.ar\/blog\/wp-json\/wp\/v2\/categories?post=11611"},{"taxonomy":"post_tag","embeddable":true,"href":"http:\/\/zonade3.com.ar\/blog\/wp-json\/wp\/v2\/tags?post=11611"}],"curies":[{"name":"wp","href":"https:\/\/api.w.org\/{rel}","templated":true}]}}