{"id":11622,"date":"2022-12-08T12:18:30","date_gmt":"2022-12-08T12:18:30","guid":{"rendered":"http:\/\/zonade3.com.ar.ar\/blog\/?p=11622"},"modified":"2022-12-08T12:18:30","modified_gmt":"2022-12-08T12:18:30","slug":"fillol-sello-su-vinculo-con-9-de-julio-de-morteros","status":"publish","type":"post","link":"http:\/\/zonade3.com.ar\/blog\/fillol-sello-su-vinculo-con-9-de-julio-de-morteros\/","title":{"rendered":"Fillol sell\u00f3 su vinculo con 9 de Julio de Morteros"},"content":{"rendered":"\n<p>9 de Julio de Morteros no descansa y se mueve r\u00e1pido en la conformaci\u00f3n de su Plantel con vistas a la Liga Federal.<br><br>En las \u00faltimas horas cerr\u00f3 la llegada del interno Rodrigo Fillol. El nacido en La Plata tiene 27 A\u00f1os con una Altura 1.97 .<br>Rodrigo viene de jugar en Tiro Federal, el cl\u00e1sico rival del celeste, adem\u00e1s de Gimnasia y Estudiantes de La Plata , Central Entrerriano , Santa Paula de G\u00e1lvez y Bh de Gualeguay.<br><br>Fillol se suma al equipo que jugar\u00e1 el Asociativo de la Morterense y Federal.<\/p>\n","protected":false},"excerpt":{"rendered":"<p>9 de Julio de Morteros no descansa y se mueve r\u00e1pido en la conformaci\u00f3n de su Plantel con<\/p>\n","protected":false},"author":2,"featured_media":11623,"comment_status":"open","ping_status":"open","sticky":false,"template":"","format":"standard","meta":{"footnotes":""},"categories":[1],"tags":[],"class_list":["post-11622","post","type-post","status-publish","format-standard","has-post-thumbnail","hentry","category-sin-categoria"],"_links":{"self":[{"href":"http:\/\/zonade3.com.ar\/blog\/wp-json\/wp\/v2\/posts\/11622","targetHints":{"allow":["GET"]}}],"collection":[{"href":"http:\/\/zonade3.com.ar\/blog\/wp-json\/wp\/v2\/posts"}],"about":[{"href":"http:\/\/zonade3.com.ar\/blog\/wp-json\/wp\/v2\/types\/post"}],"author":[{"embeddable":true,"href":"http:\/\/zonade3.com.ar\/blog\/wp-json\/wp\/v2\/users\/2"}],"replies":[{"embeddable":true,"href":"http:\/\/zonade3.com.ar\/blog\/wp-json\/wp\/v2\/comments?post=11622"}],"version-history":[{"count":1,"href":"http:\/\/zonade3.com.ar\/blog\/wp-json\/wp\/v2\/posts\/11622\/revisions"}],"predecessor-version":[{"id":11624,"href":"http:\/\/zonade3.com.ar\/blog\/wp-json\/wp\/v2\/posts\/11622\/revisions\/11624"}],"wp:featuredmedia":[{"embeddable":true,"href":"http:\/\/zonade3.com.ar\/blog\/wp-json\/wp\/v2\/media\/11623"}],"wp:attachment":[{"href":"http:\/\/zonade3.com.ar\/blog\/wp-json\/wp\/v2\/media?parent=11622"}],"wp:term":[{"taxonomy":"category","embeddable":true,"href":"http:\/\/zonade3.com.ar\/blog\/wp-json\/wp\/v2\/categories?post=11622"},{"taxonomy":"post_tag","embeddable":true,"href":"http:\/\/zonade3.com.ar\/blog\/wp-json\/wp\/v2\/tags?post=11622"}],"curies":[{"name":"wp","href":"https:\/\/api.w.org\/{rel}","templated":true}]}}