{"id":11625,"date":"2022-12-08T16:17:02","date_gmt":"2022-12-08T16:17:02","guid":{"rendered":"http:\/\/zonade3.com.ar.ar\/blog\/?p=11625"},"modified":"2022-12-09T04:19:04","modified_gmt":"2022-12-09T04:19:04","slug":"horacio-rigada-retorna-a-sportivo-suardi","status":"publish","type":"post","link":"http:\/\/zonade3.com.ar\/blog\/horacio-rigada-retorna-a-sportivo-suardi\/","title":{"rendered":"Horacio Rigada retorna a Sportivo Suardi"},"content":{"rendered":"\n<p>Horacio Rigada regresa a Sportivo Suardi luego del paso por varios equipos de la regi\u00f3n y en diferentes niveles. El entrerriano hab\u00eda llegado al rojiblanco de la mano del actual entrenador, Andr\u00e9s Poi, en lo que era, all\u00e1 por el 2013, la primera experiencia a nivel conducci\u00f3n tecnica. Rigada lleg\u00f3 para la segunda mitad del mencionado a\u00f1o. <br><br>El ala pivote de 1,90 mts. y 32 a\u00f1os afrontar\u00e1 la temporada 2023 del Torneo Federal. El interno viene de consagrarse campe\u00f3n de la Liga Cordobesa vistiendo la camiseta de El Ceibo. <\/p>\n\n\n\n<p>El elenco suardense ya anunci\u00f3 la vuelta de Sebasti\u00e1n Braida y la continuidad de Victor Cajal y Mart\u00edn Balteiro.<\/p>\n","protected":false},"excerpt":{"rendered":"<p>Horacio Rigada regresa a Sportivo Suardi luego del paso por varios equipos de la regi\u00f3n y en diferentes<\/p>\n","protected":false},"author":2,"featured_media":11627,"comment_status":"open","ping_status":"open","sticky":false,"template":"","format":"standard","meta":{"footnotes":""},"categories":[1],"tags":[],"class_list":["post-11625","post","type-post","status-publish","format-standard","has-post-thumbnail","hentry","category-sin-categoria"],"_links":{"self":[{"href":"http:\/\/zonade3.com.ar\/blog\/wp-json\/wp\/v2\/posts\/11625","targetHints":{"allow":["GET"]}}],"collection":[{"href":"http:\/\/zonade3.com.ar\/blog\/wp-json\/wp\/v2\/posts"}],"about":[{"href":"http:\/\/zonade3.com.ar\/blog\/wp-json\/wp\/v2\/types\/post"}],"author":[{"embeddable":true,"href":"http:\/\/zonade3.com.ar\/blog\/wp-json\/wp\/v2\/users\/2"}],"replies":[{"embeddable":true,"href":"http:\/\/zonade3.com.ar\/blog\/wp-json\/wp\/v2\/comments?post=11625"}],"version-history":[{"count":1,"href":"http:\/\/zonade3.com.ar\/blog\/wp-json\/wp\/v2\/posts\/11625\/revisions"}],"predecessor-version":[{"id":11626,"href":"http:\/\/zonade3.com.ar\/blog\/wp-json\/wp\/v2\/posts\/11625\/revisions\/11626"}],"wp:featuredmedia":[{"embeddable":true,"href":"http:\/\/zonade3.com.ar\/blog\/wp-json\/wp\/v2\/media\/11627"}],"wp:attachment":[{"href":"http:\/\/zonade3.com.ar\/blog\/wp-json\/wp\/v2\/media?parent=11625"}],"wp:term":[{"taxonomy":"category","embeddable":true,"href":"http:\/\/zonade3.com.ar\/blog\/wp-json\/wp\/v2\/categories?post=11625"},{"taxonomy":"post_tag","embeddable":true,"href":"http:\/\/zonade3.com.ar\/blog\/wp-json\/wp\/v2\/tags?post=11625"}],"curies":[{"name":"wp","href":"https:\/\/api.w.org\/{rel}","templated":true}]}}