{"id":11659,"date":"2022-12-18T00:11:30","date_gmt":"2022-12-18T00:11:30","guid":{"rendered":"http:\/\/zonade3.com.ar.ar\/blog\/?p=11659"},"modified":"2022-12-18T00:11:30","modified_gmt":"2022-12-18T00:11:30","slug":"se-cerro-la-copa-santa-fe-provincial-obtuvo-el-titulo","status":"publish","type":"post","link":"http:\/\/zonade3.com.ar\/blog\/se-cerro-la-copa-santa-fe-provincial-obtuvo-el-titulo\/","title":{"rendered":"Se cerr\u00f3 la Copa Santa Fe: Provincial obtuvo el t\u00edtulo"},"content":{"rendered":"\n<p>Provincial de Rosario se consagr\u00f3 campe\u00f3n de la Copa Santa Fe al derrotar por 73 a 71 a Santa Paula de G\u00e1lvez este jueves en un partido de cierre emotivo que estuvo marcado por un formidable primer tiempo del equipo rosarino y una enorme labor de los galvenses en la segunda parte. Fue en Gimnasia de Santa Fe. <\/p>\n\n\n\n<p>El certamen de triples qued\u00f3 para Nicol\u00e1s Solari, que le gan\u00f3 en la definici\u00f3n a Pablo Fern\u00e1ndez. Tambi\u00e9n participaron Diego Garc\u00eda y Gast\u00f3n Bertona.<\/p>\n\n\n\n<p>Provincial de Rosario se consagr\u00f3 campe\u00f3n de la Copa Santa Fe al derrotar por 73 a 71 a Santa Paula de G\u00e1lvez este jueves en un partido de cierre emotivo que estuvo marcado por un formidable primer tiempo del equipo rosarino y una enorme labor de los galvenses en la segunda parte.<\/p>\n\n\n\n<p>El Rojo fue contundente en el primer tiempo, asegurando rebote y con buena labor en defensa para luego mostrar su habitual buen movimiento de bal\u00f3n para finalizar en el gol de m\u00faltiple amenaza de P\u00e9rez y Quiroga.<\/p>\n\n\n\n<p>Santa Paula estuvo fuera de foco para la definici\u00f3n en esa primera parte, fall\u00f3 varios tiros c\u00f3modos y fue perdiendo forma, mientras que los rosarinos se agrandaron y aprovecharon la contra.<\/p>\n\n\n\n<p>Parec\u00eda que la Copa ya ten\u00eda due\u00f1o, pero Santa Paula no se rindi\u00f3. Son\u00f3 el despertador an\u00edmico para los de Blanc, que poco a pocos hallaron los caminos al gol, primero asegurando rebotes, defendiendo m\u00e1s cerca y luego simplemente con mayor fineza para la definici\u00f3n. De aquel 45 a 19 de la primera parte para Provincial, se pas\u00f3 a un 31 a 10 de los azules en el tercer cuarto y el partido se puso otra vez mano a mano.<\/p>\n\n\n\n<p>El cuarto segmento fue el de la emoci\u00f3n, ya con ambas hinchadas enloquecidas por la paridad y la sensibilidad a flor de piel con el arbitraje. Vico y Marozzi generaron picos emotivos desnivelando para Santa Paula, pero en el momento clave del partido, Adri\u00e1n Boccia dej\u00f3 en el olvido un discreto partido ofensivo para anotar el doble que le dio la diferencia que a la postre decantar\u00eda en la consagraci\u00f3n de Provincial.<\/p>\n\n\n\n<p>Boccia y Fern\u00e1ndez volvieron a su equipo de la ni\u00f1ez y adolescencia y terminaron de redondear un gran a\u00f1o, mientras que Santa Paula otro tanto, con un 2022 para recordar m\u00e1s all\u00e1 de la l\u00f3gica bronca de la derrota en la Copa.<\/p>\n\n\n\n<p>S\u00cdNTESIS<\/p>\n\n\n\n<p>SANTA PAULA 71: Nicol\u00e1s Solari 7, Tom\u00e1s Vico 15, Facundo Santiago 9, Juan Pablo Stegmayer 12, Ismael Amprimo 3 (fi), Lautaro Deluchi 0, Gast\u00f3n Marozzi 14, Jer\u00f3nimo D\u00edaz Muller 11. DT: Francisco Blanc.<\/p>\n\n\n\n<p>PROVINCIAL 73: Renzo D\u2019Amari 2, Pablo Fern\u00e1ndez 10, Adri\u00e1n Boccia 9, Mat\u00edas Quiroga 20, Federico P\u00e9rez 12 (fi), Gast\u00f3n Gerbaudo 13, Tom\u00e1s G\u00f3mez 0, Franco D\u2019Angelo 2, Facundo Rodr\u00edguez 3, Mat\u00edas Rosas 2, Lucas Rodr\u00edguez 0, Gast\u00f3n P\u00e9rez. DT: Gustavo Lalima.<\/p>\n\n\n\n<p>ESTADIO: Ricardo H\u00fangaro Crespi (Gimnasia)<\/p>\n\n\n\n<p>\u00c1RBITROS: Silvio Guzm\u00e1n, Romina Morales y Jorge Meza<\/p>\n\n\n\n<p>PARCIALES: 11\/24, 19\/45 y 50\/55<\/p>\n\n\n\n<p>TRIPLES PARA SOLARI<\/p>\n\n\n\n<p>Nicol\u00e1s Solari fue el ganador del certamen de triples en gran competencia con Pablo Fern\u00e1ndez en la final y con Diego Garc\u00eda y Gast\u00f3n Bertona en la etapa clasificatoria.<\/p>\n","protected":false},"excerpt":{"rendered":"<p>Provincial de Rosario se consagr\u00f3 campe\u00f3n de la Copa Santa Fe al derrotar por 73 a 71 a<\/p>\n","protected":false},"author":2,"featured_media":11660,"comment_status":"open","ping_status":"open","sticky":false,"template":"","format":"standard","meta":{"footnotes":""},"categories":[1],"tags":[],"class_list":["post-11659","post","type-post","status-publish","format-standard","has-post-thumbnail","hentry","category-sin-categoria"],"_links":{"self":[{"href":"http:\/\/zonade3.com.ar\/blog\/wp-json\/wp\/v2\/posts\/11659","targetHints":{"allow":["GET"]}}],"collection":[{"href":"http:\/\/zonade3.com.ar\/blog\/wp-json\/wp\/v2\/posts"}],"about":[{"href":"http:\/\/zonade3.com.ar\/blog\/wp-json\/wp\/v2\/types\/post"}],"author":[{"embeddable":true,"href":"http:\/\/zonade3.com.ar\/blog\/wp-json\/wp\/v2\/users\/2"}],"replies":[{"embeddable":true,"href":"http:\/\/zonade3.com.ar\/blog\/wp-json\/wp\/v2\/comments?post=11659"}],"version-history":[{"count":1,"href":"http:\/\/zonade3.com.ar\/blog\/wp-json\/wp\/v2\/posts\/11659\/revisions"}],"predecessor-version":[{"id":11661,"href":"http:\/\/zonade3.com.ar\/blog\/wp-json\/wp\/v2\/posts\/11659\/revisions\/11661"}],"wp:featuredmedia":[{"embeddable":true,"href":"http:\/\/zonade3.com.ar\/blog\/wp-json\/wp\/v2\/media\/11660"}],"wp:attachment":[{"href":"http:\/\/zonade3.com.ar\/blog\/wp-json\/wp\/v2\/media?parent=11659"}],"wp:term":[{"taxonomy":"category","embeddable":true,"href":"http:\/\/zonade3.com.ar\/blog\/wp-json\/wp\/v2\/categories?post=11659"},{"taxonomy":"post_tag","embeddable":true,"href":"http:\/\/zonade3.com.ar\/blog\/wp-json\/wp\/v2\/tags?post=11659"}],"curies":[{"name":"wp","href":"https:\/\/api.w.org\/{rel}","templated":true}]}}