{"id":11666,"date":"2022-12-24T02:22:26","date_gmt":"2022-12-24T02:22:26","guid":{"rendered":"http:\/\/zonade3.com.ar.ar\/blog\/?p=11666"},"modified":"2022-12-24T02:22:47","modified_gmt":"2022-12-24T02:22:47","slug":"sportivo-a-las-puertas-de-otra-liga-federal","status":"publish","type":"post","link":"http:\/\/zonade3.com.ar\/blog\/sportivo-a-las-puertas-de-otra-liga-federal\/","title":{"rendered":"Sportivo a las puertas de otra Liga Federal"},"content":{"rendered":"\n<p>Sportivo Suardi tiene todo en marcha con vistas a una nueva temporada de la Liga Federal que comenzar\u00e1 el pr\u00f3ximo 28 de enero. Fiel a su impronta, una vez enfrenta con total seriedad deportiva la categor\u00eda que lo vio afirmarse con el paso de los a\u00f1os. <br><br>El equipo que conduce Andr\u00e9s Poi pr\u00e1cticamente tiene el mismo plantel con que termin\u00f3 la temporada 2022 de la Liga Cordobesa y la Asoc. Morterense. La \u00abcara nueva\u00bb es Horacio Rigada que viene de tener una gran experiencia reciente en El Ceibo de San Francisco. El \u00abColo\u00bb debut\u00f3 en la zona en el a\u00f1o 2013 de la mano de Sportivo que por ese entonces se desped\u00eda de la Morterense y pasaba a formar parte de la Asoc. Noroeste. <br><br>El base ser\u00e1 el experimentado Victor Cajal, sigue el interno Mart\u00edn Balteiro y el goleador Luciano Lizarraga, regresa el talentoso Sebasti\u00e1n Braida mas la legi\u00f3n local encabezada por los Hnos. Fino, Santiago Andrione y los dem\u00e1s chicos del club.  Adem\u00e1s seguir\u00e1n Alexis Acu\u00f1a y Joaquin Cajal.<\/p>\n","protected":false},"excerpt":{"rendered":"<p>Sportivo Suardi tiene todo en marcha con vistas a una nueva temporada de la Liga Federal que comenzar\u00e1<\/p>\n","protected":false},"author":2,"featured_media":11371,"comment_status":"open","ping_status":"open","sticky":false,"template":"","format":"standard","meta":{"footnotes":""},"categories":[1],"tags":[],"class_list":["post-11666","post","type-post","status-publish","format-standard","has-post-thumbnail","hentry","category-sin-categoria"],"_links":{"self":[{"href":"http:\/\/zonade3.com.ar\/blog\/wp-json\/wp\/v2\/posts\/11666","targetHints":{"allow":["GET"]}}],"collection":[{"href":"http:\/\/zonade3.com.ar\/blog\/wp-json\/wp\/v2\/posts"}],"about":[{"href":"http:\/\/zonade3.com.ar\/blog\/wp-json\/wp\/v2\/types\/post"}],"author":[{"embeddable":true,"href":"http:\/\/zonade3.com.ar\/blog\/wp-json\/wp\/v2\/users\/2"}],"replies":[{"embeddable":true,"href":"http:\/\/zonade3.com.ar\/blog\/wp-json\/wp\/v2\/comments?post=11666"}],"version-history":[{"count":2,"href":"http:\/\/zonade3.com.ar\/blog\/wp-json\/wp\/v2\/posts\/11666\/revisions"}],"predecessor-version":[{"id":11668,"href":"http:\/\/zonade3.com.ar\/blog\/wp-json\/wp\/v2\/posts\/11666\/revisions\/11668"}],"wp:featuredmedia":[{"embeddable":true,"href":"http:\/\/zonade3.com.ar\/blog\/wp-json\/wp\/v2\/media\/11371"}],"wp:attachment":[{"href":"http:\/\/zonade3.com.ar\/blog\/wp-json\/wp\/v2\/media?parent=11666"}],"wp:term":[{"taxonomy":"category","embeddable":true,"href":"http:\/\/zonade3.com.ar\/blog\/wp-json\/wp\/v2\/categories?post=11666"},{"taxonomy":"post_tag","embeddable":true,"href":"http:\/\/zonade3.com.ar\/blog\/wp-json\/wp\/v2\/tags?post=11666"}],"curies":[{"name":"wp","href":"https:\/\/api.w.org\/{rel}","templated":true}]}}