{"id":11677,"date":"2023-01-13T21:47:53","date_gmt":"2023-01-13T21:47:53","guid":{"rendered":"http:\/\/zonade3.com.ar.ar\/blog\/?p=11677"},"modified":"2023-01-13T21:47:53","modified_gmt":"2023-01-13T21:47:53","slug":"tiro-federal-ya-tiene-su-staff-de-entrenadores","status":"publish","type":"post","link":"http:\/\/zonade3.com.ar\/blog\/tiro-federal-ya-tiene-su-staff-de-entrenadores\/","title":{"rendered":"Tiro Federal ya tiene su staff de entrenadores"},"content":{"rendered":"\n<p>Tiro Federal de Morteros ha dado a conocer el equipo de entrenadores que estar\u00e1 a cargo de su equipo de basquet en la temporada venidera. Entre los nombres se destacan Benjam\u00edn Dutto, Emanuel Razetto, Noelia Mendoza, Lucas Castro, Luciano Cravero, Facundo Chiabotto, Franco Tossolini, Mat\u00edas Albaertissi, Juan Pablo Montenegro y Pablo Albertinazzi.<br><br>Benjam\u00edn Dutto ser\u00e1 el entrenador principal, y estar\u00e1 acompa\u00f1ado por Emanuel Razetto y Noelia Mendoza como asistentes. Lucas Castro se desempe\u00f1ar\u00e1 como preparador f\u00edsico, mientras que Luciano Cravero ser\u00e1 el kinesi\u00f3logo del equipo. <br><br>Adem\u00e1s, Facundo Chiabotto y Franco Tossolini ser\u00e1n entrenadores de las inferiores (eneba 2), y Mat\u00edas Albaertissi y Juan Pablo Montenegro se desempe\u00f1ar\u00e1n como monitores. Pablo Albertinazzi tambi\u00e9n se unir\u00e1 al equipo (eneba 3).<br><br>La instituci\u00f3n \u00abblanca\u00bb de Morteros se ha comprometido a dar a conocer la lista de jugadores que formar\u00e1n parte del equipo en la pr\u00f3xima semana. <\/p>\n","protected":false},"excerpt":{"rendered":"<p>Tiro Federal de Morteros ha dado a conocer el equipo de entrenadores que estar\u00e1 a cargo de su<\/p>\n","protected":false},"author":2,"featured_media":11428,"comment_status":"open","ping_status":"open","sticky":false,"template":"","format":"standard","meta":{"footnotes":""},"categories":[1],"tags":[],"class_list":["post-11677","post","type-post","status-publish","format-standard","has-post-thumbnail","hentry","category-sin-categoria"],"_links":{"self":[{"href":"http:\/\/zonade3.com.ar\/blog\/wp-json\/wp\/v2\/posts\/11677","targetHints":{"allow":["GET"]}}],"collection":[{"href":"http:\/\/zonade3.com.ar\/blog\/wp-json\/wp\/v2\/posts"}],"about":[{"href":"http:\/\/zonade3.com.ar\/blog\/wp-json\/wp\/v2\/types\/post"}],"author":[{"embeddable":true,"href":"http:\/\/zonade3.com.ar\/blog\/wp-json\/wp\/v2\/users\/2"}],"replies":[{"embeddable":true,"href":"http:\/\/zonade3.com.ar\/blog\/wp-json\/wp\/v2\/comments?post=11677"}],"version-history":[{"count":1,"href":"http:\/\/zonade3.com.ar\/blog\/wp-json\/wp\/v2\/posts\/11677\/revisions"}],"predecessor-version":[{"id":11678,"href":"http:\/\/zonade3.com.ar\/blog\/wp-json\/wp\/v2\/posts\/11677\/revisions\/11678"}],"wp:featuredmedia":[{"embeddable":true,"href":"http:\/\/zonade3.com.ar\/blog\/wp-json\/wp\/v2\/media\/11428"}],"wp:attachment":[{"href":"http:\/\/zonade3.com.ar\/blog\/wp-json\/wp\/v2\/media?parent=11677"}],"wp:term":[{"taxonomy":"category","embeddable":true,"href":"http:\/\/zonade3.com.ar\/blog\/wp-json\/wp\/v2\/categories?post=11677"},{"taxonomy":"post_tag","embeddable":true,"href":"http:\/\/zonade3.com.ar\/blog\/wp-json\/wp\/v2\/tags?post=11677"}],"curies":[{"name":"wp","href":"https:\/\/api.w.org\/{rel}","templated":true}]}}