{"id":11679,"date":"2023-01-13T21:55:27","date_gmt":"2023-01-13T21:55:27","guid":{"rendered":"http:\/\/zonade3.com.ar.ar\/blog\/?p=11679"},"modified":"2023-01-13T21:55:27","modified_gmt":"2023-01-13T21:55:27","slug":"liga-federal-9-de-julio-en-plena-pretemporada","status":"publish","type":"post","link":"http:\/\/zonade3.com.ar\/blog\/liga-federal-9-de-julio-en-plena-pretemporada\/","title":{"rendered":"Liga Federal: 9 de Julio, en plena pretemporada"},"content":{"rendered":"\n<p>El plantel del Nueve de Morteros, dirigido por Marcos Ferreyra, inici\u00f3 su preparaci\u00f3n para el comienzo de la Liga Federal, que tendr\u00e1 lugar el pr\u00f3ximo 28 de enero. El equipo cuenta con una mezcla de jugadores experimentados y j\u00f3venes promesas.<\/p>\n\n\n\n<p>Entre las fichas mayores destacan Andr\u00e9s Miguel, base proveniente de Uni\u00f3n San Guillermo; Rodrigo Fillol, pivot que jug\u00f3 la Liga Cordobesa para Tiro Federal de Morteros; Javier Mart\u00edn y Facundo Costamagna (foto), quienes ya jugaron para el Nueve en la \u00faltima edici\u00f3n de la Liga Cordobesa.<\/p>\n\n\n\n<p>Por otro lado, el equipo cuenta con fichas Sub 23 como Nicol\u00e1s Antonielli y Emiliano Rossotto, y Sub 21 como Jos\u00e9 Ca\u00f1ete, Agust\u00edn Rold\u00e1n y Jerem\u00edas Fern\u00e1ndez, quienes cuentan con experiencia en el Prefederal de C\u00f3rdoba. Asimismo, el equipo suma fichas U19 como Valent\u00edn Riquelme, Emiliano Berra y Santiago Cagliero, quienes buscar\u00e1n ganarse minutos en cancha en la temporada 2023.<\/p>\n\n\n\n<p>El cuerpo t\u00e9cnico del equipo morterense est\u00e1 integrado por Marcos Ferreyra como entrenador, C\u00e9sar Sobrero como Asistente T\u00e9cnico, Leandro Conti como Preparador F\u00edsico y Leo Romano como Utilero.<\/p>\n\n\n\n<p>El \u00abceleste\u00bb integrar\u00e1 la Zona 2 Centro junto a Asociaci\u00f3n Deportiva El Ceibo de San Francisco, Bochas Sport Club de Colonia Caroya, Almafuerte de Las Varillas, Sportivo Suardi, Atl\u00e9tico y Biblioteca Bell de Bell Ville. Seg\u00fan Ferreyra, \u00abla zona que integramos es una de las m\u00e1s dif\u00edciles\u201d<br>Fuente: Canal 50<\/p>\n","protected":false},"excerpt":{"rendered":"<p>El plantel del Nueve de Morteros, dirigido por Marcos Ferreyra, inici\u00f3 su preparaci\u00f3n para el comienzo de la<\/p>\n","protected":false},"author":2,"featured_media":8628,"comment_status":"open","ping_status":"open","sticky":false,"template":"","format":"standard","meta":{"footnotes":""},"categories":[1],"tags":[],"class_list":["post-11679","post","type-post","status-publish","format-standard","has-post-thumbnail","hentry","category-sin-categoria"],"_links":{"self":[{"href":"http:\/\/zonade3.com.ar\/blog\/wp-json\/wp\/v2\/posts\/11679","targetHints":{"allow":["GET"]}}],"collection":[{"href":"http:\/\/zonade3.com.ar\/blog\/wp-json\/wp\/v2\/posts"}],"about":[{"href":"http:\/\/zonade3.com.ar\/blog\/wp-json\/wp\/v2\/types\/post"}],"author":[{"embeddable":true,"href":"http:\/\/zonade3.com.ar\/blog\/wp-json\/wp\/v2\/users\/2"}],"replies":[{"embeddable":true,"href":"http:\/\/zonade3.com.ar\/blog\/wp-json\/wp\/v2\/comments?post=11679"}],"version-history":[{"count":1,"href":"http:\/\/zonade3.com.ar\/blog\/wp-json\/wp\/v2\/posts\/11679\/revisions"}],"predecessor-version":[{"id":11680,"href":"http:\/\/zonade3.com.ar\/blog\/wp-json\/wp\/v2\/posts\/11679\/revisions\/11680"}],"wp:featuredmedia":[{"embeddable":true,"href":"http:\/\/zonade3.com.ar\/blog\/wp-json\/wp\/v2\/media\/8628"}],"wp:attachment":[{"href":"http:\/\/zonade3.com.ar\/blog\/wp-json\/wp\/v2\/media?parent=11679"}],"wp:term":[{"taxonomy":"category","embeddable":true,"href":"http:\/\/zonade3.com.ar\/blog\/wp-json\/wp\/v2\/categories?post=11679"},{"taxonomy":"post_tag","embeddable":true,"href":"http:\/\/zonade3.com.ar\/blog\/wp-json\/wp\/v2\/tags?post=11679"}],"curies":[{"name":"wp","href":"https:\/\/api.w.org\/{rel}","templated":true}]}}