{"id":11683,"date":"2023-01-18T20:25:33","date_gmt":"2023-01-18T20:25:33","guid":{"rendered":"http:\/\/zonade3.com.ar.ar\/blog\/?p=11683"},"modified":"2023-01-18T20:35:32","modified_gmt":"2023-01-18T20:35:32","slug":"las-primeras-fechas","status":"publish","type":"post","link":"http:\/\/zonade3.com.ar\/blog\/las-primeras-fechas\/","title":{"rendered":"Liga Federal: las primeras fechas"},"content":{"rendered":"\n<p>La tercera categor\u00eda del b\u00e1squet argentino comenzar\u00e1 el s\u00e1bado 28 con tres partidos. Toda la informaci\u00f3n de c\u00f3mo ser\u00e1 el calendario de la competencia. <\/p>\n\n\n\n<p>A 11 d\u00edas de su arranque, la edici\u00f3n 2023 de La Liga Federal tiene sus primeras fechas confirmadas para las ocho divisiones que componen el certamen. Cabe aclarar que el calendario se cargar\u00e1 de forma completa en el sistema de Gesdeportiva y se actualizar\u00e1 de forma autom\u00e1tica por all\u00ed.<\/p>\n\n\n\n<p>En el primer d\u00eda de competencia habr\u00e1 acci\u00f3n en dos conferencias, la Sudeste y la NOA, la primera con dos juegos y la segunda con uno. Por un lado, Uni\u00f3n de Mar del Plata recibir\u00e1 a Atenas de la Plata y Villegas har\u00e1 lo propio con Estudiantes de La Plata. Por el otro, San Mart\u00edn de Tucum\u00e1n ser\u00e1 anfitri\u00f3n de Belgrano de Santiago del Estero.<\/p>\n\n\n\n<p>La primera fecha de la Divisi\u00f3n Centro:<br><br><strong>DIVISI\u00d3N CENTRO<\/strong><\/p>\n\n\n\n<p>Zona 1<\/p>\n\n\n\n<p>9\/2 \u2013 San Mart\u00edn de Marcos Ju\u00e1rez vs. Belgrano de San Nicol\u00e1s<br>10\/2 \u2013 Sport Club Ca\u00f1adense vs. Centenario de Venado Tuerto.<br>11\/2 \u2013 Olimpia de Venado Tuerto vs. Somisa de San Nicol\u00e1s.<br>12\/2 \u2013 Trebolense vs. Regatas de San Nicol\u00e1s.<br>15\/2 \u2013 Regatas de San Nicol\u00e1s vs. Sport Club Ca\u00f1adense.<br>16\/2 &#8211; Belgrano de San Nicol\u00e1s vs. Trebolense.<br>17\/2 \u2013 Centenario de Venado Tuerto vs. Olimpia de Venado Tuerto.<br>18\/2 \u2013 Somisa de San Nicol\u00e1s vs. San Mart\u00edn de Marcos Ju\u00e1rez.<\/p>\n\n\n\n<p>Zona 2<\/p>\n\n\n\n<p>9\/2 \u2013 Bochas Sport Club vs. 9 de Julio de Morteros.<br>11\/2 \u2013 Atl\u00e9tico y Biblioteca Bell vs. Alberdi de Villa Mercedes.<br>12\/2 \u2013 Almafuerte de Las Varillas vs. Sportivo Suardi.<br>13\/2 \u2013 El Ceibo vs. Bochas Sport Club.<br>15\/2 \u2013 Alberdi de Villa Mercedes vs. Almafuerte de Las Varillas.<br>16\/2 \u2013 9 de Julio de Morteros vs. El Ceibo.<br>18\/2 \u2013 Sportivo Suardi vs. Atl\u00e9tico y Biblioteca Bell.<\/p>\n","protected":false},"excerpt":{"rendered":"<p>La tercera categor\u00eda del b\u00e1squet argentino comenzar\u00e1 el s\u00e1bado 28 con tres partidos. Toda la informaci\u00f3n de c\u00f3mo<\/p>\n","protected":false},"author":2,"featured_media":11288,"comment_status":"open","ping_status":"open","sticky":false,"template":"","format":"standard","meta":{"footnotes":""},"categories":[1],"tags":[],"class_list":["post-11683","post","type-post","status-publish","format-standard","has-post-thumbnail","hentry","category-sin-categoria"],"_links":{"self":[{"href":"http:\/\/zonade3.com.ar\/blog\/wp-json\/wp\/v2\/posts\/11683","targetHints":{"allow":["GET"]}}],"collection":[{"href":"http:\/\/zonade3.com.ar\/blog\/wp-json\/wp\/v2\/posts"}],"about":[{"href":"http:\/\/zonade3.com.ar\/blog\/wp-json\/wp\/v2\/types\/post"}],"author":[{"embeddable":true,"href":"http:\/\/zonade3.com.ar\/blog\/wp-json\/wp\/v2\/users\/2"}],"replies":[{"embeddable":true,"href":"http:\/\/zonade3.com.ar\/blog\/wp-json\/wp\/v2\/comments?post=11683"}],"version-history":[{"count":4,"href":"http:\/\/zonade3.com.ar\/blog\/wp-json\/wp\/v2\/posts\/11683\/revisions"}],"predecessor-version":[{"id":11687,"href":"http:\/\/zonade3.com.ar\/blog\/wp-json\/wp\/v2\/posts\/11683\/revisions\/11687"}],"wp:featuredmedia":[{"embeddable":true,"href":"http:\/\/zonade3.com.ar\/blog\/wp-json\/wp\/v2\/media\/11288"}],"wp:attachment":[{"href":"http:\/\/zonade3.com.ar\/blog\/wp-json\/wp\/v2\/media?parent=11683"}],"wp:term":[{"taxonomy":"category","embeddable":true,"href":"http:\/\/zonade3.com.ar\/blog\/wp-json\/wp\/v2\/categories?post=11683"},{"taxonomy":"post_tag","embeddable":true,"href":"http:\/\/zonade3.com.ar\/blog\/wp-json\/wp\/v2\/tags?post=11683"}],"curies":[{"name":"wp","href":"https:\/\/api.w.org\/{rel}","templated":true}]}}