{"id":11698,"date":"2023-01-23T13:59:19","date_gmt":"2023-01-23T13:59:19","guid":{"rendered":"http:\/\/zonade3.com.ar.ar\/blog\/?p=11698"},"modified":"2023-01-23T13:59:19","modified_gmt":"2023-01-23T13:59:19","slug":"liga-federal-presentacion-oficial-del-plantel-de-9-de-julio-de-morteros","status":"publish","type":"post","link":"http:\/\/zonade3.com.ar\/blog\/liga-federal-presentacion-oficial-del-plantel-de-9-de-julio-de-morteros\/","title":{"rendered":"Liga Federal: presentaci\u00f3n oficial del plantel de 9 de Julio de Morteros"},"content":{"rendered":"\n<p>En un evento realizado en el play\u00f3n del Polideportivo, NUEVE present\u00f3 oficialmente su plantel y cuerpo t\u00e9cnico para la pr\u00f3xima temporada del Federal.<\/p>\n\n\n\n<p>El plantel presentado por NUEVE incluye a jugadores de las categor\u00edas Mayores, U23 y U21. En la categor\u00eda Mayores, se destacan las incorporaciones de Andr\u00e9s Miguel y Rodrigo Fillol, as\u00ed como la presencia de jugadores experimentados como Javier Mart\u00edn y Facundo Costamagna. En la categor\u00eda U23, se encuentran Nicolas Antonielli y Emiliano Rossotto, mientras que en U21, se destacan Santiago Cagliero, Jos\u00e9 Ca\u00f1ete, Agust\u00edn Rold\u00e1n (quien regresa al equipo) y Jerem\u00edas Fern\u00e1ndez (nuevo jugador).<\/p>\n\n\n\n<p>El cuerpo t\u00e9cnico estar\u00e1 liderado por Marcos Ferreyra como DT, con la asistencia de C\u00e9sar Sobrero, Leandro Conti y Leo Romano, y con Facundo Toledo como Jefe de equipo. Ferreyra destac\u00f3 que la postergaci\u00f3n del inicio del torneo les dar\u00e1 tiempo para ajustar algunos aspectos t\u00e1cticos del juego y que est\u00e1n organizando dos partidos amistosos de local.<\/p>\n\n\n\n<p>Por su parte, el dirigente Pablo Grande dio a conocer algunos detalles organizativos, como que la semana que viene saldr\u00e1 a la venta un bono para toda la primera fase del torneo, pero que todav\u00eda no tienen el costo del mismo.<\/p>\n","protected":false},"excerpt":{"rendered":"<p>En un evento realizado en el play\u00f3n del Polideportivo, NUEVE present\u00f3 oficialmente su plantel y cuerpo t\u00e9cnico para<\/p>\n","protected":false},"author":2,"featured_media":11699,"comment_status":"open","ping_status":"open","sticky":false,"template":"","format":"standard","meta":{"footnotes":""},"categories":[1],"tags":[],"class_list":["post-11698","post","type-post","status-publish","format-standard","has-post-thumbnail","hentry","category-sin-categoria"],"_links":{"self":[{"href":"http:\/\/zonade3.com.ar\/blog\/wp-json\/wp\/v2\/posts\/11698","targetHints":{"allow":["GET"]}}],"collection":[{"href":"http:\/\/zonade3.com.ar\/blog\/wp-json\/wp\/v2\/posts"}],"about":[{"href":"http:\/\/zonade3.com.ar\/blog\/wp-json\/wp\/v2\/types\/post"}],"author":[{"embeddable":true,"href":"http:\/\/zonade3.com.ar\/blog\/wp-json\/wp\/v2\/users\/2"}],"replies":[{"embeddable":true,"href":"http:\/\/zonade3.com.ar\/blog\/wp-json\/wp\/v2\/comments?post=11698"}],"version-history":[{"count":1,"href":"http:\/\/zonade3.com.ar\/blog\/wp-json\/wp\/v2\/posts\/11698\/revisions"}],"predecessor-version":[{"id":11700,"href":"http:\/\/zonade3.com.ar\/blog\/wp-json\/wp\/v2\/posts\/11698\/revisions\/11700"}],"wp:featuredmedia":[{"embeddable":true,"href":"http:\/\/zonade3.com.ar\/blog\/wp-json\/wp\/v2\/media\/11699"}],"wp:attachment":[{"href":"http:\/\/zonade3.com.ar\/blog\/wp-json\/wp\/v2\/media?parent=11698"}],"wp:term":[{"taxonomy":"category","embeddable":true,"href":"http:\/\/zonade3.com.ar\/blog\/wp-json\/wp\/v2\/categories?post=11698"},{"taxonomy":"post_tag","embeddable":true,"href":"http:\/\/zonade3.com.ar\/blog\/wp-json\/wp\/v2\/tags?post=11698"}],"curies":[{"name":"wp","href":"https:\/\/api.w.org\/{rel}","templated":true}]}}