{"id":11701,"date":"2023-01-25T14:33:22","date_gmt":"2023-01-25T14:33:22","guid":{"rendered":"http:\/\/zonade3.com.ar.ar\/blog\/?p=11701"},"modified":"2023-01-25T14:33:22","modified_gmt":"2023-01-25T14:33:22","slug":"asoc-morterense-a-las-puertas-de-la-temporada-los-movimientos-en-centro-freyre-y-portena-asoc","status":"publish","type":"post","link":"http:\/\/zonade3.com.ar\/blog\/asoc-morterense-a-las-puertas-de-la-temporada-los-movimientos-en-centro-freyre-y-portena-asoc\/","title":{"rendered":"Asoc. Morterense: a las puertas de la temporada, los movimientos en Centro, Freyre y Porte\u00f1a Asoc."},"content":{"rendered":"\n<p>El b\u00e1squet regional comienza a moverse cada vez con mas intensidad, con los equipos conformando planteles y arrancando con los movimientos, independientemente de aquellos que juegan categor\u00eda nacional como representantes de la Asoc. Morterense y que su planificaci\u00f3n es distinta. <br><br>Esta semana las categor\u00edas U17, U19 y Primera Divisi\u00f3n del masculino de Centro Social de Brinkmamn comenzaron la pretemporada bajo las \u00f3rdenes de Marcos Maranzana, Tabares y Novillo.<\/p>\n\n\n\n<p>En el plantel de Primera Divisi\u00f3n siguen Leandro Villa, Facundo Valdez, Francisco Villa, Emanuel Gaido y Alexis Chialvo, sumado a los baluartes de divisiones menores. Adem\u00e1s, concret\u00f3 el regreso de Juan Cruz Furrer y la vuelta a la Morterense de Lisandro Moggio, recordado por su exitoso paso por Porte\u00f1a Asociaci\u00f3n. Tambi\u00e9n suma Tadeo Mire, base rafaelino de 24 a\u00f1os formado en Atl\u00e9tico y el interno Luciano Volta.<\/p>\n\n\n\n<p>Por su parte, 9 de Julio Ol\u00edmpico diagrama el 2023 con el cuerpo t\u00e9cnico conformado por Mat\u00edas Lugones en Primera y U19 mas Lucas Aodasio, Facundo Zalazar y preparadores f\u00edsicos y monitores.<\/p>\n\n\n\n<p>En cuanto al plantel llegan Gaggi, Mauricio (ex Atenas), Bono Aaron (ex San Isidro), Rodr\u00edguez\u00a0Juli\u00e1n (ex Universitario), Quiroga, Gaston (ex el Ceibo), Dom\u00ednguez, Jeremias (ex Instituto) y Arlietti, Agust\u00edn.<\/p>\n\n\n\n<p>Adem\u00e1s prosiguen Bernabei Lisandro, Primo Emanuel, Blasi Agust\u00edn, Godino Pablo, Musso Santiago, Boetto Maximiliano, Mondino Ignacio, Galoppo Jerem\u00edas, Rinaldi Genaro, Gir\u00f3n, Gast\u00f3n, Rivoira Mat\u00edas, Ferreyra, Dami\u00e1n y Boggino Juan.<br><br>En tanto, en Porte\u00f1a sigue adelante el coach Jorge Pautasso liderando el cuerpo t\u00e9cnico. El elenco porte\u00f1ense sufrir\u00e1 las bajas de Lucas Ferraris que jugar\u00e1 Liga Federal y Agust\u00edn Righetti y Barros cuyo destino es Instituto de C\u00f3rdoba.<br><br>En cuanto a lo dem\u00e1s, hay idea de continuidad en nombres como Miguel Isola, Caballo, Mat\u00edas Righetti, R. Cerdosino, Camusso, Olivera, entre otros. <\/p>\n","protected":false},"excerpt":{"rendered":"<p>El b\u00e1squet regional comienza a moverse cada vez con mas intensidad, con los equipos conformando planteles y arrancando<\/p>\n","protected":false},"author":2,"featured_media":11377,"comment_status":"open","ping_status":"open","sticky":false,"template":"","format":"standard","meta":{"footnotes":""},"categories":[1],"tags":[],"class_list":["post-11701","post","type-post","status-publish","format-standard","has-post-thumbnail","hentry","category-sin-categoria"],"_links":{"self":[{"href":"http:\/\/zonade3.com.ar\/blog\/wp-json\/wp\/v2\/posts\/11701","targetHints":{"allow":["GET"]}}],"collection":[{"href":"http:\/\/zonade3.com.ar\/blog\/wp-json\/wp\/v2\/posts"}],"about":[{"href":"http:\/\/zonade3.com.ar\/blog\/wp-json\/wp\/v2\/types\/post"}],"author":[{"embeddable":true,"href":"http:\/\/zonade3.com.ar\/blog\/wp-json\/wp\/v2\/users\/2"}],"replies":[{"embeddable":true,"href":"http:\/\/zonade3.com.ar\/blog\/wp-json\/wp\/v2\/comments?post=11701"}],"version-history":[{"count":1,"href":"http:\/\/zonade3.com.ar\/blog\/wp-json\/wp\/v2\/posts\/11701\/revisions"}],"predecessor-version":[{"id":11702,"href":"http:\/\/zonade3.com.ar\/blog\/wp-json\/wp\/v2\/posts\/11701\/revisions\/11702"}],"wp:featuredmedia":[{"embeddable":true,"href":"http:\/\/zonade3.com.ar\/blog\/wp-json\/wp\/v2\/media\/11377"}],"wp:attachment":[{"href":"http:\/\/zonade3.com.ar\/blog\/wp-json\/wp\/v2\/media?parent=11701"}],"wp:term":[{"taxonomy":"category","embeddable":true,"href":"http:\/\/zonade3.com.ar\/blog\/wp-json\/wp\/v2\/categories?post=11701"},{"taxonomy":"post_tag","embeddable":true,"href":"http:\/\/zonade3.com.ar\/blog\/wp-json\/wp\/v2\/tags?post=11701"}],"curies":[{"name":"wp","href":"https:\/\/api.w.org\/{rel}","templated":true}]}}