{"id":11703,"date":"2023-01-31T02:55:37","date_gmt":"2023-01-31T02:55:37","guid":{"rendered":"http:\/\/zonade3.com.ar.ar\/blog\/?p=11703"},"modified":"2023-01-31T02:55:37","modified_gmt":"2023-01-31T02:55:37","slug":"se-viene-la-temporada-2023-de-la-liga-3x3-primera-parada-en-suardi","status":"publish","type":"post","link":"http:\/\/zonade3.com.ar\/blog\/se-viene-la-temporada-2023-de-la-liga-3x3-primera-parada-en-suardi\/","title":{"rendered":"Se viene la temporada 2023 de La Liga 3&#215;3. Primera parada en Suardi"},"content":{"rendered":"\n<p>Tras la consagraci\u00f3n de La Uni\u00f3n de Formosa en La Liga 3&#215;3 2022, est\u00e1 todo listo para disfrutar de una nueva temporada de este cl\u00e1sico que recorre nuestro pa\u00eds en cada una de sus paradas.<\/p>\n\n\n\n<p>La Liga 3&#215;3, que se llevar\u00e1 a cabo durante los meses de febrero, marzo y abril constar\u00e1 de varios grupos\/regiones con clubes de La Liga, la Liga Argentina, La Liga Federal y cualquier otra instituci\u00f3n que quiera participar de la misma y tambi\u00e9n equipos sin representaci\u00f3n a una instituci\u00f3n.<\/p>\n\n\n\n<p>Adem\u00e1s, en todas las sedes que se disputen estos eventos, se organizar\u00e1n torneos 3&#215;3 para la rama femenina con clubes de la zona que quieran participar.<\/p>\n\n\n\n<p>La liga ser\u00e1 para mayores de 18 a\u00f1os, y podr\u00e1 ser cualquier jugador\/a que represente al club, no necesariamente debe ser jugador federado. Cada equipo estar\u00e1 integrado por 4 jugadores titulares y 2 suplentes. El d\u00eda del evento solo podr\u00e1n participar 4 jugadores.<\/p>\n\n\n\n<p>Cada una de las paradas deber\u00e1 contar con un m\u00ednimo de 12 equipos y un m\u00e1ximo de 16. De cada una de ellas surgir\u00e1n equipos clasificados para la fase final, que a\u00fan tiene sede a definir.<\/p>\n\n\n\n<p>En este \u00faltimo tiempo el 3&#215;3 se ha expandido de manera muy fuerte en todo el pa\u00eds, con jornadas organizadas por la CAB abiertas al p\u00fablico en Tecn\u00f3polis, y con la Liga Nacional y de Desarrollo disputando sus partidos de la modalidad en los entretiempos de los partidos de mayores. Sin duda, estas acciones han colaborado en el crecimiento de la actividad, que desde Tokio 2020 es deporte ol\u00edmpico.<\/p>\n\n\n\n<p>PRIMERA PARADA<\/p>\n\n\n\n<p>Suardi, en la Provincia de Santa Fe, recibir\u00e1 el debut de la competencia los d\u00edas 3 y 4 de febrero, con Sportivo Suardi como club sede. El primer d\u00eda se llevar\u00e1 adelante un torneo con equipos de la zona, para definir los clasificados al s\u00e1bado 4 donde se disputar\u00e1 de manera oficial la Primera Parada. Estos equipos ser\u00e1n:<\/p>\n\n\n\n<p>Sportivo Suardi<br>Libertad de Villa Trinidad<br>Uni\u00f3n de San Guillermo<br>Tiro Federal de Morteros<br>9 de julio de Morteros<br>Centro Social Brinkmann<br>San Jorge de Brinkmann<br>Porte\u00f1a Asociaci\u00f3n y Cultural<br>9 de Julio Ol\u00edmpico de Freyre<br>San Isidro de San Francisco<br><br>En tanto, entre los equipos ya confirmados para el segundo d\u00eda de competencia aparecen: Obras, Instituto, Quimsa y Ol\u00edmpico. Ambos torneos dar\u00e1n puntos para el Ranking FIBA.<\/p>\n\n\n\n<p>AS\u00cd SIGUE EL TORNEO<\/p>\n\n\n\n<p>La competencia continuar\u00e1 el 17 de febrero en Rosario, mientras que el 25 se trasladar\u00e1 a Mar del Plata. La parada en \u201cLa Feliz\u201d ser\u00e1 m\u00e1s que especial ya que coincidir\u00e1 adem\u00e1s con los partidos de la Selecci\u00f3n mayor masculina Argentina que buscar\u00e1 su clasificaci\u00f3n a la Copa del Mundo FIBA.<\/p>\n","protected":false},"excerpt":{"rendered":"<p>Tras la consagraci\u00f3n de La Uni\u00f3n de Formosa en La Liga 3&#215;3 2022, est\u00e1 todo listo para disfrutar<\/p>\n","protected":false},"author":2,"featured_media":11704,"comment_status":"open","ping_status":"open","sticky":false,"template":"","format":"standard","meta":{"footnotes":""},"categories":[1],"tags":[],"class_list":["post-11703","post","type-post","status-publish","format-standard","has-post-thumbnail","hentry","category-sin-categoria"],"_links":{"self":[{"href":"http:\/\/zonade3.com.ar\/blog\/wp-json\/wp\/v2\/posts\/11703","targetHints":{"allow":["GET"]}}],"collection":[{"href":"http:\/\/zonade3.com.ar\/blog\/wp-json\/wp\/v2\/posts"}],"about":[{"href":"http:\/\/zonade3.com.ar\/blog\/wp-json\/wp\/v2\/types\/post"}],"author":[{"embeddable":true,"href":"http:\/\/zonade3.com.ar\/blog\/wp-json\/wp\/v2\/users\/2"}],"replies":[{"embeddable":true,"href":"http:\/\/zonade3.com.ar\/blog\/wp-json\/wp\/v2\/comments?post=11703"}],"version-history":[{"count":1,"href":"http:\/\/zonade3.com.ar\/blog\/wp-json\/wp\/v2\/posts\/11703\/revisions"}],"predecessor-version":[{"id":11705,"href":"http:\/\/zonade3.com.ar\/blog\/wp-json\/wp\/v2\/posts\/11703\/revisions\/11705"}],"wp:featuredmedia":[{"embeddable":true,"href":"http:\/\/zonade3.com.ar\/blog\/wp-json\/wp\/v2\/media\/11704"}],"wp:attachment":[{"href":"http:\/\/zonade3.com.ar\/blog\/wp-json\/wp\/v2\/media?parent=11703"}],"wp:term":[{"taxonomy":"category","embeddable":true,"href":"http:\/\/zonade3.com.ar\/blog\/wp-json\/wp\/v2\/categories?post=11703"},{"taxonomy":"post_tag","embeddable":true,"href":"http:\/\/zonade3.com.ar\/blog\/wp-json\/wp\/v2\/tags?post=11703"}],"curies":[{"name":"wp","href":"https:\/\/api.w.org\/{rel}","templated":true}]}}