{"id":11763,"date":"2023-02-21T13:16:49","date_gmt":"2023-02-21T13:16:49","guid":{"rendered":"http:\/\/zonade3.com.ar.ar\/blog\/?p=11763"},"modified":"2023-02-21T13:16:49","modified_gmt":"2023-02-21T13:16:49","slug":"santa-fe-los-torneos-estan-de-regreso","status":"publish","type":"post","link":"http:\/\/zonade3.com.ar\/blog\/santa-fe-los-torneos-estan-de-regreso\/","title":{"rendered":"Santa Fe: los torneos est\u00e1n de regreso"},"content":{"rendered":"\n<p>La Federaci\u00f3n de B\u00e1squetbol de la Provincia de Santa Fe ya dispone de los datos m\u00e1s relevantes para comenzar a palpitar los torneos que movilizan a\u00f1o a a\u00f1o al deporte santafesino. Los tradicionales Federativos, tanto en su versi\u00f3n femenina como masculina ya tienen fecha l\u00edmite para anotarse, tambi\u00e9n conocen los d\u00edas de juego para su primera etapa y mes estimado para su final, en la que se conocer\u00e1n a los campeones.<\/p>\n\n\n\n<p>Se volver\u00e1 al formato de cuadrangulares y las edades en femenino ser\u00e1n U14, U16 y U18, mientras que en masculino se competir\u00e1 en U14, U16, U18 y U21. La competencia estar\u00e1 regionalizada en sus primeras fases para evitar extensos traslados.<\/p>\n\n\n\n<p>Desde 2021 la Federaci\u00f3n se hace cargo de los aranceles arbitrales, mientras que desde 2022 se sum\u00f3 el reintegro de la inscripci\u00f3n. Y para este 2023 tambi\u00e9n se har\u00e1 cargo de los vi\u00e1ticos arbitrales.<\/p>\n\n\n\n<p>U14 Femenino<\/p>\n\n\n\n<p>Anota hasta el 11 de mayo<\/p>\n\n\n\n<p>Primera fase Ida 1 y 2 de julio<\/p>\n\n\n\n<p>Primera fase vuelta 5 y 6 de agosto<\/p>\n\n\n\n<p>Final estimada para octubre<\/p>\n\n\n\n<p>Inscripci\u00f3n 22.000*<\/p>\n\n\n\n<p>*Se reintegrar\u00e1<\/p>\n\n\n\n<p>U16 Femenino<\/p>\n\n\n\n<p>Anota hasta el 27 de abril<\/p>\n\n\n\n<p>Primera fase Ida 20 y 21 de mayo<\/p>\n\n\n\n<p>Primera fase vuelta 10 y 11 de junio<\/p>\n\n\n\n<p>Final estimada para septiembre<\/p>\n\n\n\n<p>Inscripci\u00f3n 24.000*<\/p>\n\n\n\n<p>*Se reintegrar\u00e1<\/p>\n\n\n\n<p>U18 Femenino<\/p>\n\n\n\n<p>Anota hasta el 30 de marzo<\/p>\n\n\n\n<p>Primera fase Ida 15 y 16 de abril<\/p>\n\n\n\n<p>Primera fase vuelta 6 y 7 de mayo<\/p>\n\n\n\n<p>Final estimada para agosto<\/p>\n\n\n\n<p>Inscripci\u00f3n 26.000*<\/p>\n\n\n\n<p>*Se reintegrar\u00e1<\/p>\n\n\n\n<p>U14 Masculino<\/p>\n\n\n\n<p>Anota hasta el 27 de abril<\/p>\n\n\n\n<p>Primera fase Ida 3 y 4 de junio<\/p>\n\n\n\n<p>Primera fase vuelta 24 y 25 de junio<\/p>\n\n\n\n<p>Final estimada para octubre<\/p>\n\n\n\n<p>Inscripci\u00f3n 22.000*<\/p>\n\n\n\n<p>*Se reintegrar\u00e1<\/p>\n\n\n\n<p>U16 Masculino<\/p>\n\n\n\n<p>Anota hasta el 16 de marzo<\/p>\n\n\n\n<p>Primera fase Ida 1 y 2 de abril<\/p>\n\n\n\n<p>Primera fase vuelta 22 y 23 de abril<\/p>\n\n\n\n<p>Final estimada para octubre<\/p>\n\n\n\n<p>Inscripci\u00f3n 24.000*<\/p>\n\n\n\n<p>*Se reintegrar\u00e1<\/p>\n\n\n\n<p>U18 Masculino<\/p>\n\n\n\n<p>Anota hasta el 9 de marzo<\/p>\n\n\n\n<p>Primera fase Ida 25 y 26 de marzo<\/p>\n\n\n\n<p>Primera fase vuelta 13 y 14 de mayo<\/p>\n\n\n\n<p>Final estimada para septiembre<\/p>\n\n\n\n<p>Inscripci\u00f3n 26.000*<\/p>\n\n\n\n<p>*Se reintegrar\u00e1<\/p>\n\n\n\n<p>U21 Masculino<\/p>\n\n\n\n<p>Anota hasta el 23 de marzo<\/p>\n\n\n\n<p>Primera fase Ida 15 y 16 de abril<\/p>\n\n\n\n<p>Primera fase vuelta 6 y 7 de mayo<\/p>\n\n\n\n<p>Final estimada para agosto<\/p>\n\n\n\n<p>Inscripci\u00f3n 30.000*<\/p>\n\n\n\n<p>*Se reintegrar\u00e1<\/p>\n","protected":false},"excerpt":{"rendered":"<p>La Federaci\u00f3n de B\u00e1squetbol de la Provincia de Santa Fe ya dispone de los datos m\u00e1s relevantes para<\/p>\n","protected":false},"author":2,"featured_media":192,"comment_status":"open","ping_status":"open","sticky":false,"template":"","format":"standard","meta":{"footnotes":""},"categories":[1],"tags":[],"class_list":["post-11763","post","type-post","status-publish","format-standard","has-post-thumbnail","hentry","category-sin-categoria"],"_links":{"self":[{"href":"http:\/\/zonade3.com.ar\/blog\/wp-json\/wp\/v2\/posts\/11763","targetHints":{"allow":["GET"]}}],"collection":[{"href":"http:\/\/zonade3.com.ar\/blog\/wp-json\/wp\/v2\/posts"}],"about":[{"href":"http:\/\/zonade3.com.ar\/blog\/wp-json\/wp\/v2\/types\/post"}],"author":[{"embeddable":true,"href":"http:\/\/zonade3.com.ar\/blog\/wp-json\/wp\/v2\/users\/2"}],"replies":[{"embeddable":true,"href":"http:\/\/zonade3.com.ar\/blog\/wp-json\/wp\/v2\/comments?post=11763"}],"version-history":[{"count":1,"href":"http:\/\/zonade3.com.ar\/blog\/wp-json\/wp\/v2\/posts\/11763\/revisions"}],"predecessor-version":[{"id":11764,"href":"http:\/\/zonade3.com.ar\/blog\/wp-json\/wp\/v2\/posts\/11763\/revisions\/11764"}],"wp:featuredmedia":[{"embeddable":true,"href":"http:\/\/zonade3.com.ar\/blog\/wp-json\/wp\/v2\/media\/192"}],"wp:attachment":[{"href":"http:\/\/zonade3.com.ar\/blog\/wp-json\/wp\/v2\/media?parent=11763"}],"wp:term":[{"taxonomy":"category","embeddable":true,"href":"http:\/\/zonade3.com.ar\/blog\/wp-json\/wp\/v2\/categories?post=11763"},{"taxonomy":"post_tag","embeddable":true,"href":"http:\/\/zonade3.com.ar\/blog\/wp-json\/wp\/v2\/tags?post=11763"}],"curies":[{"name":"wp","href":"https:\/\/api.w.org\/{rel}","templated":true}]}}