{"id":11769,"date":"2023-02-26T03:15:09","date_gmt":"2023-02-26T03:15:09","guid":{"rendered":"http:\/\/zonade3.com.ar.ar\/blog\/?p=11769"},"modified":"2023-02-26T03:15:09","modified_gmt":"2023-02-26T03:15:09","slug":"asoc-morterense-union-de-san-guillermo-incorpora-al-brasileno-joao-victor-mamedes","status":"publish","type":"post","link":"http:\/\/zonade3.com.ar\/blog\/asoc-morterense-union-de-san-guillermo-incorpora-al-brasileno-joao-victor-mamedes\/","title":{"rendered":"Asoc. Morterense: Uni\u00f3n de San Guillermo incorpora al brasile\u00f1o Joao V\u00edctor Mamedes"},"content":{"rendered":"\n<p>El jugador de 25 a\u00f1os lleg\u00f3 a la ciudad de San Guillermo y se sumar\u00e1 a las filas del elenco de Marcelo Mengoni. <br><br>El alero\/pivot de 2.04 metros, nacido en Brasil, llega para reforzar al bicampe\u00f3n del basquet asociativo. Ahora, \u00bfpuede un extranjero jugar la Asoc. Morterense? Lo cierto es que no hay en el reglamento asociativo un apartado que se refiera al tema por lo tanto, seg\u00fan lo que pudimos averiguar, ante la consulta del club sanguillermino, desde la Asociaci\u00f3n se inform\u00f3 que en este caso especifico rige el reglamento de la \u00f3rbita superior que ser\u00eda la Liga Cordobesa que organiza la FBPC donde si se permite la llegada de jugadores extranjeros. <br><br>De todos modos, se abri\u00f3 el debate interno entre los delegados porque algunos dirigentes aducen que en otras ocasiones similares, no se permiti\u00f3 la llegada de exponentes for\u00e1neos. <br><\/p>\n","protected":false},"excerpt":{"rendered":"<p>El jugador de 25 a\u00f1os lleg\u00f3 a la ciudad de San Guillermo y se sumar\u00e1 a las filas<\/p>\n","protected":false},"author":2,"featured_media":11770,"comment_status":"open","ping_status":"open","sticky":false,"template":"","format":"standard","meta":{"footnotes":""},"categories":[1],"tags":[],"class_list":["post-11769","post","type-post","status-publish","format-standard","has-post-thumbnail","hentry","category-sin-categoria"],"_links":{"self":[{"href":"http:\/\/zonade3.com.ar\/blog\/wp-json\/wp\/v2\/posts\/11769","targetHints":{"allow":["GET"]}}],"collection":[{"href":"http:\/\/zonade3.com.ar\/blog\/wp-json\/wp\/v2\/posts"}],"about":[{"href":"http:\/\/zonade3.com.ar\/blog\/wp-json\/wp\/v2\/types\/post"}],"author":[{"embeddable":true,"href":"http:\/\/zonade3.com.ar\/blog\/wp-json\/wp\/v2\/users\/2"}],"replies":[{"embeddable":true,"href":"http:\/\/zonade3.com.ar\/blog\/wp-json\/wp\/v2\/comments?post=11769"}],"version-history":[{"count":1,"href":"http:\/\/zonade3.com.ar\/blog\/wp-json\/wp\/v2\/posts\/11769\/revisions"}],"predecessor-version":[{"id":11771,"href":"http:\/\/zonade3.com.ar\/blog\/wp-json\/wp\/v2\/posts\/11769\/revisions\/11771"}],"wp:featuredmedia":[{"embeddable":true,"href":"http:\/\/zonade3.com.ar\/blog\/wp-json\/wp\/v2\/media\/11770"}],"wp:attachment":[{"href":"http:\/\/zonade3.com.ar\/blog\/wp-json\/wp\/v2\/media?parent=11769"}],"wp:term":[{"taxonomy":"category","embeddable":true,"href":"http:\/\/zonade3.com.ar\/blog\/wp-json\/wp\/v2\/categories?post=11769"},{"taxonomy":"post_tag","embeddable":true,"href":"http:\/\/zonade3.com.ar\/blog\/wp-json\/wp\/v2\/tags?post=11769"}],"curies":[{"name":"wp","href":"https:\/\/api.w.org\/{rel}","templated":true}]}}