{"id":11778,"date":"2023-02-28T00:48:20","date_gmt":"2023-02-28T00:48:20","guid":{"rendered":"http:\/\/zonade3.com.ar.ar\/blog\/?p=11778"},"modified":"2023-02-28T00:48:20","modified_gmt":"2023-02-28T00:48:20","slug":"la-federacion-de-cordoba-se-ordena-camino-a-sus-100-anos","status":"publish","type":"post","link":"http:\/\/zonade3.com.ar\/blog\/la-federacion-de-cordoba-se-ordena-camino-a-sus-100-anos\/","title":{"rendered":"La Federaci\u00f3n de C\u00f3rdoba se ordena camino a sus 100 a\u00f1os"},"content":{"rendered":"\n<p>La confirmaci\u00f3n del leonense Carlos Battistoni al frente de la Federaci\u00f3n de B\u00e1squetbol de la Provincia de C\u00f3rdoba (FBPC) ratifica el rumbo tomado por la entidad en abril pasado, cuando las 11 asociaciones que la conforman decidieron tomar el \u201ctim\u00f3n\u201d al remover del cargo, Asamblea General Extraordinaria mediante, al entonces presidente Mario Ontivero.<\/p>\n\n\n\n<p>El dirigente, quien complet\u00f3 los 10 meses que restaban de la gesti\u00f3n anterior, logr\u00f3 el consenso para continuar en la presidencia de la instituci\u00f3n madre del b\u00e1squet cordob\u00e9s hasta 2027. Es decir que Battistoni se convertir\u00e1 en el presidente que tendr\u00e1 a su cargo los festejos que acompa\u00f1ar\u00e1n la celebraci\u00f3n, el 28 de noviembre de 2024, por los 100 a\u00f1os de vida de la Federaci\u00f3n.<\/p>\n\n\n\n<p>A tres semanas de haber sido confirmado al frente de la FPCB, Battistoni traz\u00f3 ante Mundo D parte del panorama que recibieron de la gesti\u00f3n anterior y los proyectos institucionales a encarar.<br><br>\u2013\u00bfSaben cu\u00e1ntos afiliados tiene la Federaci\u00f3n?<br><br>\u2013Desde que se instaur\u00f3 la Gesdeportiva (un sistema digital \u00fanico de empadronamiento a cargo de la Confederaci\u00f3n Argentina de B\u00e1squetbol) hemos inscripto alrededor de cinco mil jugadores. Pero all\u00ed \u00fanicamente figuran los que han jugado los torneos Pre Federal y Federal, pero nos est\u00e1n faltando sumar a unos siete mil m\u00e1s que a\u00fan no han sido empadronados. Es decir que tenemos no menos de 12 mil jugadores.<\/p>\n\n\n\n<p>\u2013\u00bfQu\u00e9 cambios se hicieron desde el a\u00f1o pasado para ac\u00e1?<\/p>\n\n\n\n<p>\u2013Primero terminamos la gesti\u00f3n de la presidencia anterior. Entre las 11 asociaciones emprolijamos algunas cosas, se hicieron todos los torneos que correspond\u00edan al calendario de la Federaci\u00f3n, se trabaj\u00f3 sobre la estructura administrativa que estaba un poco desordenada y sobre la estructura edilicia. Porque la Federaci\u00f3n tiene un albergue y un hotel que estaba abandonado, roto. No se pod\u00eda utilizar. Se hizo una fuerte inversi\u00f3n y se pusieron en condiciones el albergue para 40 plazas y el hotel con otros 19 lugares.<\/p>\n\n\n\n<p>\u2013\u00bfQu\u00e9 har\u00e1n con esas instalaciones?<\/p>\n\n\n\n<p>\u2013Se ofrecer\u00e1n las instalaciones a los clubes, a las asociaciones y a otros deportes federados. Es un albergue que permitir\u00e1 volver a recibir deportistas que llegan a la ciudad para convocatorias, concentraciones o partidos.<\/p>\n\n\n\n<p>\u2013\u00bfEst\u00e1n con deudas?<\/p>\n\n\n\n<p>\u2013No, pese a que las recibimos, ya no las tenemos. Lo que s\u00ed tenemos son compromisos permanentes para el sostenimiento. Servicios de funcionamiento, de empleados\u2026 Ahora tenemos dos torneos argentinos y hay que pagar veh\u00edculos, estad\u00edas, vi\u00e1ticos para entrenadores, que dicho sea de paso trabajan ad honorem. Eso es algo emocionante. Casi nadie regala su tiempo, pero es tan prestigioso el b\u00e1squet de C\u00f3rdoba que nuestros entrenadores se suman a los proyectos ad honorem.<br><br>\u2013\u00bfQu\u00e9 se encontraron de la gesti\u00f3n anterior?<\/p>\n\n\n\n<p>\u2013No me gusta mucho hablar de los d\u00e9ficits que ten\u00eda la Federaci\u00f3n. Pero bueno, nos encontramos con cuentas cerradas en los bancos sin ninguna explicaci\u00f3n, con cuentas inmovilizadas porque se bloquearon las claves. No se dio la clave de Ciudadano Digital y hasta que se pudo hacer la aprobaci\u00f3n de IPJ ni se pod\u00edan pagar las cargas de los empleados. Se encontr\u00f3 un juicio que ya solucionamos, con carpetas m\u00e9dicas, con empleados que, disconformes con el sueldo, no iban a trabajar. Muchas cosas que nos llamaron la atenci\u00f3n, como pases que no estaban rendidos, seguros que no estaban pagados en CAB (Confederaci\u00f3n Argentina de B\u00e1squetbol), con algunos juicios iniciados por deportistas que se lesionaron y el seguro no los cubr\u00eda porque no se hab\u00eda pagado en CAB. Cosas que no tendr\u00edan que haber pasado. Pero ya est\u00e1, tenemos que poner la energ\u00eda para adelante.<\/p>\n\n\n\n<p>\u2013\u00bfCu\u00e1les son los objetivos de la nueva gesti\u00f3n?<\/p>\n\n\n\n<p>\u2013La total normalizaci\u00f3n de su administraci\u00f3n, su total transparencia, trabajar fuertemente en las competencias, en la formaci\u00f3n de entrenadores para las selecciones. Retomamos una potestad que ten\u00edamos que es manejar la Comisi\u00f3n T\u00e9cnica para la designaci\u00f3n de los \u00e1rbitros. Estamos tratando de tener una Federaci\u00f3n que supere la simple funci\u00f3n de recaudar y administrar los campeonatos. Creemos que una Federaci\u00f3n tiene una tarea mucho m\u00e1s importante y es la que debe inculcar los valores a las asociaciones y a los clubes de la Provincia en cuanto a comportamiento, \u00e9tica en el deporte, porque los ejemplos se dan de arriba para abajo. Abrir las puertas, porque estuvo muy cerrada, para que los entrenadores tengan capacitaciones y para que los clubes puedan venir al albergue.<\/p>\n\n\n\n<p>\u2013A nivel federativo, \u00bfd\u00f3nde se puede decir que est\u00e1 parado el b\u00e1squet de C\u00f3rdoba?<\/p>\n\n\n\n<p>\u2013Tenemos la enorme fortuna de que en la CAB el b\u00e1squet de C\u00f3rdoba, no s\u00e9 si la Federaci\u00f3n, y sus clubes est\u00e1n muy bien vistos. Lo que han hecho en el b\u00e1squet formativo los clubes cordobeses le dan un prestigio muy importante. La imagen que tiene C\u00f3rdoba es muy potente. Cuando participamos en reuniones en la CAB se nota el respeto que tienen otras federaciones por C\u00f3rdoba. Creo que el gran secreto es que tiene 11 asociaciones en toda la Provincia y en todas de ellas se juega. Tiene una potencia como provincia que la enriquece permanentemente. La Liga Cordobesa es un torneo apasionante, jugado con mucho fervor, jugado por cl\u00e1sicos hist\u00f3ricos de la provincia, que les da un nombre potente.<\/p>\n\n\n\n<p>\u2013Desde la nueva gesti\u00f3n, \u00bfc\u00f3mo es y por d\u00f3nde pasa la relaci\u00f3n con la CAB?<\/p>\n\n\n\n<p>\u2013Es buena. Entendiendo que tenemos que normalizar muchas cosas que no estaban a derecho. Tenemos el respaldo de la CAB; nuestro vicepresidente (Walter Garello) es miembro de la CAB. Tenemos una buena relaci\u00f3n entendiendo que no existe otra forma que no sea trabajar. No podemos tener una mala relaci\u00f3n con la instituci\u00f3n madre, s\u00f3lo hay que trabajar duramente, estar alineados y cumpliendo todas las exigencias que tiene el b\u00e1squet argentino para tener todos los derechos y todas las obligaciones.<br><br>\u2013\u00bfEl torneo Pre Federal acab\u00f3 con la Liga Cordobesa?<\/p>\n\n\n\n<p>\u2013En realidad, la mayor\u00eda de los clubes se inscriben pensando en un provincial. Que ese provincial te d\u00e9 un lugar para jugar un Federal es algo que toman nota una minor\u00eda de clubes porque no todos pueden saltar a jugar el Federal. Pero la mayor\u00eda participan pensando en ser parte del Provincial original o hist\u00f3rico. Quieren tener una competencia que est\u00e9 por encima del torneo asociativo. El jugar con otros clubes, en otros lugares, para que los chicos puedan viajar y para recibir a otros chicos en sus instalaciones. Por eso, el Provincial tiene mucho peso y raigambre en C\u00f3rdoba, m\u00e1s all\u00e1 que algunos busquen proyecci\u00f3n nacional.<\/p>\n\n\n\n<p>\u2013\u00bfSe piensa en algunos festejos especiales para los 100 a\u00f1os?<\/p>\n\n\n\n<p>\u2013El mejor regalo que podemos hacerle a la Federaci\u00f3n es que sea una instituci\u00f3n transparente, que se pueda mostrar, que tenga mucha gesti\u00f3n en toda la provincia y que trabajemos en las necesidades que tenemos en estos tiempos, como por ejemplo el femenino. Trabajar mejor en las selecciones, hacer campus para descubrir talentos donde aquellos jugadores con proyecci\u00f3n est\u00e9n dentro de un plan de trabajo de la Federaci\u00f3n. Pero tambi\u00e9n seguramente armaremos una comisi\u00f3n para organizar los festejos de los 100 a\u00f1os de la instituci\u00f3n.<\/p>\n\n\n\n<p>\u2013Mencion\u00f3 el b\u00e1squet femenino. \u00bfCu\u00e1les ser\u00e1n los planes?<\/p>\n\n\n\n<p>\u2013Dentro del programa que hicimos para los cuatro a\u00f1os de gesti\u00f3n, el femenino ocupa un lugar preponderante. Entendiendo que el techo al b\u00e1squet femenino lo hemos puesto nosotros, no la actividad, porque el entusiasmo que tienen las chicas y sus entrenadores es superador. No hemos estado a la altura de las circunstancias para canalizarlo. Ahora estamos convencidos y hemos puesto una persona que se dedicar\u00e1 al femenino (Paula Ferreyra) y se armar\u00e1 una estructura por regiones y vendr\u00e1 acompa\u00f1ado por un programa integral para desarrollar el b\u00e1squet femenino. Hoy las selecciones provinciales U15 masculina y femenina trabajan en el mismo lugar, practican con la misma infraestructura y misma pasi\u00f3n del cuerpo de entrenadores. Tiene que ser tan integral como el masculino, con todas las posibilidades, fuerza y niveles de entrenamiento. Es la \u00fanica forma de darle el lugar que el b\u00e1squet femenino merece.<\/p>\n\n\n\n<p>\u2013\u00bfEn qu\u00e9 se pens\u00f3 cuando se design\u00f3 el Tribunal de Honor? \u00bfQu\u00e9 funciones llevar\u00e1n adelante?<\/p>\n\n\n\n<p>\u2013Ese tribunal (compuesto por Hilario Serl\u00edn, Walter Garrone, Fernando Prato y Juan L\u00edcari) est\u00e1 representado por personas con trayectoria que trasciende la misma gesti\u00f3n Federativa. Son las personas que ante alguna situaci\u00f3n de anormalidad en la conducci\u00f3n de la Federaci\u00f3n podr\u00e1n intervenir. Los respalda su trayectoria, su \u00e9tica y su honorabilidad. Es un respaldo a la historia del b\u00e1squet de C\u00f3rdoba y a los 100 a\u00f1os que vamos a cumplir.<\/p>\n\n\n\n<p>\u2013Con todas las dificultades que acarrearon, \u00bfnotan un auge de la actividad?<\/p>\n\n\n\n<p>\u2013S\u00ed. Teniendo en cuenta que salimos de la pandemia, veo un auge enorme. Se nota en los provinciales: pese a todas las dificultades econ\u00f3micas, los clubes se inscriben para jugar, se preparan mejor, cuidan su infraestructura. En cualquier club est\u00e1n en buenas condiciones sus tableros, sus canchas, sus vestuarios. Lo veo en una zona de absoluto crecimiento.<br>Fuente: Mundo D<\/p>\n","protected":false},"excerpt":{"rendered":"<p>La confirmaci\u00f3n del leonense Carlos Battistoni al frente de la Federaci\u00f3n de B\u00e1squetbol de la Provincia de C\u00f3rdoba<\/p>\n","protected":false},"author":2,"featured_media":11779,"comment_status":"open","ping_status":"open","sticky":false,"template":"","format":"standard","meta":{"footnotes":""},"categories":[1],"tags":[],"class_list":["post-11778","post","type-post","status-publish","format-standard","has-post-thumbnail","hentry","category-sin-categoria"],"_links":{"self":[{"href":"http:\/\/zonade3.com.ar\/blog\/wp-json\/wp\/v2\/posts\/11778","targetHints":{"allow":["GET"]}}],"collection":[{"href":"http:\/\/zonade3.com.ar\/blog\/wp-json\/wp\/v2\/posts"}],"about":[{"href":"http:\/\/zonade3.com.ar\/blog\/wp-json\/wp\/v2\/types\/post"}],"author":[{"embeddable":true,"href":"http:\/\/zonade3.com.ar\/blog\/wp-json\/wp\/v2\/users\/2"}],"replies":[{"embeddable":true,"href":"http:\/\/zonade3.com.ar\/blog\/wp-json\/wp\/v2\/comments?post=11778"}],"version-history":[{"count":1,"href":"http:\/\/zonade3.com.ar\/blog\/wp-json\/wp\/v2\/posts\/11778\/revisions"}],"predecessor-version":[{"id":11780,"href":"http:\/\/zonade3.com.ar\/blog\/wp-json\/wp\/v2\/posts\/11778\/revisions\/11780"}],"wp:featuredmedia":[{"embeddable":true,"href":"http:\/\/zonade3.com.ar\/blog\/wp-json\/wp\/v2\/media\/11779"}],"wp:attachment":[{"href":"http:\/\/zonade3.com.ar\/blog\/wp-json\/wp\/v2\/media?parent=11778"}],"wp:term":[{"taxonomy":"category","embeddable":true,"href":"http:\/\/zonade3.com.ar\/blog\/wp-json\/wp\/v2\/categories?post=11778"},{"taxonomy":"post_tag","embeddable":true,"href":"http:\/\/zonade3.com.ar\/blog\/wp-json\/wp\/v2\/tags?post=11778"}],"curies":[{"name":"wp","href":"https:\/\/api.w.org\/{rel}","templated":true}]}}