{"id":11801,"date":"2023-03-07T19:58:38","date_gmt":"2023-03-07T19:58:38","guid":{"rendered":"http:\/\/zonade3.com.ar.ar\/blog\/?p=11801"},"modified":"2023-03-07T19:58:38","modified_gmt":"2023-03-07T19:58:38","slug":"santa-fe-todo-confirmado-para-un-intenso-2023","status":"publish","type":"post","link":"http:\/\/zonade3.com.ar\/blog\/santa-fe-todo-confirmado-para-un-intenso-2023\/","title":{"rendered":"Santa Fe: todo confirmado para un intenso 2023"},"content":{"rendered":"\n<p>La Federaci\u00f3n de B\u00e1squetbol de la Provincia de Santa Fe llev\u00f3 a cabo este s\u00e1bado su asamblea ordinaria, as\u00ed como tambi\u00e9n la asamblea extraordinaria convocadas. En la primera de ellas se aprob\u00f3 por unanimidad memoria, balance, c\u00e1lculo de recursos, gastos y aranceles, mientras que en la extraordinaria quedaron aprobados los reglamentos de torneos, las sedes de los torneos Interasociaciones, el calendario de torneos y la implementaci\u00f3n del Programa NBN 23. En todos los casos, por unanimidad. Las asambleas se realizaron en la Casa del Bicentenario en Ca\u00f1ada de G\u00f3mez. En la nota, calendario de los Interasociaciones y sedes.<\/p>\n\n\n\n<p>C<strong>ALENDARIO DE INTERASOCIACIONES<\/strong><\/p>\n\n\n\n<p>U14 FEMENINO DEL 7 AL 9 DE OCTUBRE, ORGANIZA LA SANTAFESINA<\/p>\n\n\n\n<p>U16 FEMENINO DEL 26 AL 28 DE MAYO, ORGANIZA LA CA\u00d1ADENSE<\/p>\n\n\n\n<p>U18 FEMENINO DEL 19 AL 21 DE AGOSTO, ORGANIZA LA RAFAELINA<\/p>\n\n\n\n<p>PRIMERA FEMEMENINO DEL 28 AL 30 DE JULIO, ORGANIZA LA NOROESTE<\/p>\n\n\n\n<p>U14 MASCULINO DEL 18 AL 20 DE NOVIEMBRE, ORGANIZA LA NOROESTE<\/p>\n\n\n\n<p>U16 MASCULINO DEL 15 AL 17 DE SEPTIEMBRE, ORGANIZA LA RAFAELINA<\/p>\n\n\n\n<p>U18 MASCULINO DEL 29 DE ABRIL AL 1 DE MAYO, ORGANIZA LA VENADENSE<\/p>\n\n\n\n<p>U21 MASCULINO DEL 18 AL 20 DE JUNIO (A CONFIRMAR), ORGANIZA LA CA\u00d1ADENSE<\/p>\n\n\n\n<p>PRIMERA MASCULINO DEL 7 AL 9 DE JULIO, ORGANIZA EL OESTE SANTAFESINO<\/p>\n","protected":false},"excerpt":{"rendered":"<p>La Federaci\u00f3n de B\u00e1squetbol de la Provincia de Santa Fe llev\u00f3 a cabo este s\u00e1bado su asamblea ordinaria,<\/p>\n","protected":false},"author":2,"featured_media":192,"comment_status":"open","ping_status":"open","sticky":false,"template":"","format":"standard","meta":{"footnotes":""},"categories":[1],"tags":[],"class_list":["post-11801","post","type-post","status-publish","format-standard","has-post-thumbnail","hentry","category-sin-categoria"],"_links":{"self":[{"href":"http:\/\/zonade3.com.ar\/blog\/wp-json\/wp\/v2\/posts\/11801","targetHints":{"allow":["GET"]}}],"collection":[{"href":"http:\/\/zonade3.com.ar\/blog\/wp-json\/wp\/v2\/posts"}],"about":[{"href":"http:\/\/zonade3.com.ar\/blog\/wp-json\/wp\/v2\/types\/post"}],"author":[{"embeddable":true,"href":"http:\/\/zonade3.com.ar\/blog\/wp-json\/wp\/v2\/users\/2"}],"replies":[{"embeddable":true,"href":"http:\/\/zonade3.com.ar\/blog\/wp-json\/wp\/v2\/comments?post=11801"}],"version-history":[{"count":1,"href":"http:\/\/zonade3.com.ar\/blog\/wp-json\/wp\/v2\/posts\/11801\/revisions"}],"predecessor-version":[{"id":11802,"href":"http:\/\/zonade3.com.ar\/blog\/wp-json\/wp\/v2\/posts\/11801\/revisions\/11802"}],"wp:featuredmedia":[{"embeddable":true,"href":"http:\/\/zonade3.com.ar\/blog\/wp-json\/wp\/v2\/media\/192"}],"wp:attachment":[{"href":"http:\/\/zonade3.com.ar\/blog\/wp-json\/wp\/v2\/media?parent=11801"}],"wp:term":[{"taxonomy":"category","embeddable":true,"href":"http:\/\/zonade3.com.ar\/blog\/wp-json\/wp\/v2\/categories?post=11801"},{"taxonomy":"post_tag","embeddable":true,"href":"http:\/\/zonade3.com.ar\/blog\/wp-json\/wp\/v2\/tags?post=11801"}],"curies":[{"name":"wp","href":"https:\/\/api.w.org\/{rel}","templated":true}]}}