{"id":11803,"date":"2023-03-07T22:00:31","date_gmt":"2023-03-07T22:00:31","guid":{"rendered":"http:\/\/zonade3.com.ar.ar\/blog\/?p=11803"},"modified":"2023-03-07T22:07:32","modified_gmt":"2023-03-07T22:07:32","slug":"en-una-realidad-paralela-los-clubes-apoyaron-la-gestion-adc-cab","status":"publish","type":"post","link":"http:\/\/zonade3.com.ar\/blog\/en-una-realidad-paralela-los-clubes-apoyaron-la-gestion-adc-cab\/","title":{"rendered":"En una realidad paralela: los clubes apoyaron la gesti\u00f3n AdC-CAB"},"content":{"rendered":"\n<p>Los presidentes de los clubes de Liga Nacional, Liga Argentina y Liga Femenina ratificaron su apoyo a la gesti\u00f3n. <strong>En un marco de severas cr\u00edticas hacia la gesti\u00f3n que rige los destinos del basquet nacional, con gritos de reprobaci\u00f3n en los reductos deportivos pos eliminaci\u00f3n del Mundial y una estructura\/difusi\u00f3n inviable de la competencia, los dirigentes parecen enfrascados en una realidad paralela donde no emergen, de manera oficial, ninguna cr\u00edtica hacia las ultimas decisiones que se tomaron a nivel nacional. <\/strong><\/p>\n\n\n\n<p>Durante la jornada del martes 7 de marzo, la Asociaci\u00f3n de Clubes llev\u00f3 adelante una reuni\u00f3n de Presidentes de Liga Nacional, Liga Argentina y Liga Femenina para analizar la situaci\u00f3n actual del b\u00e1squetbol argentino.<\/p>\n\n\n\n<p>La misma cont\u00f3 con la presencia de Gerardo Montenegro, presidente de la AdC, acompa\u00f1ado por Eduardo Tassano, vicepresidente 1\u00b0 y presidente de Regatas de Corrientes y Juan Cavagliatto, vicepresidente 3\u00b0 y presidente de Instituto Atl\u00e9tico Central C\u00f3rdoba. Tambi\u00e9n estuvo presente Fabi\u00e1n Borro, presidente de la Confederaci\u00f3n Argentina de B\u00e1squetbol.<\/p>\n\n\n\n<p>Entre los temas principales de la reuni\u00f3n, y a partir del trabajo realizado para unificar la conducci\u00f3n del b\u00e1squet en Argentina, donde la Asociaci\u00f3n de Clubes tiene voz y voto en el Consejo Directivo de la Confederaci\u00f3n Argentina de B\u00e1squetbol, se expuso un informe administrativo de gesti\u00f3n a los clubes. <strong>Los clubes de la AdC ratificaron su respaldo a la actual conducci\u00f3n de la CAB y reafirmaron el rumbo, con el compromiso de evaluar en conjunto los resultados obtenidos.<\/strong><\/p>\n\n\n\n<p>Por otra parte, desde el Departamento de Competencias se comenz\u00f3 la conversaci\u00f3n acerca de las fechas de PlayOff de la temporada 2022\/23 (en curso) de La Liga Nacional. Adem\u00e1s, se inform\u00f3 el presente proyecto de disputa del Torneo Interligas de mayores entre los equipos ubicados del 8\u00b0 al 11\u00b0 lugar de la actual temporada de Liga Nacional contra sus pares de la NBB. Este certamen se realizar\u00e1 en fechas de pretemporada con la ciudad de Foz de Iguaz\u00fa como sede.<\/p>\n\n\n\n<p>Tambi\u00e9n continuar\u00e1 la disputa del Torneo Interligas entre campe\u00f3n y subcampe\u00f3n de La Liga de Desarrollo contra los finalistas de la LDB (Liga de Desenvolvimento Brasileira), con sede en Argentina tras haberse disputado en Brasil en 2022. En las pr\u00f3ximas reuniones, seg\u00fan se acord\u00f3, se comenzar\u00e1 a planificar la estructura de las temporadas 2023\/24 y 2024\/25 de los distintos torneos de la Asociaci\u00f3n de Clubes.<\/p>\n\n\n\n<p>Por Liga Nacional estuvieron presentes dirigentes de:<\/p>\n\n\n\n<p>Argentino de Jun\u00edn<br>Boca Juniors<br>Comunicaciones de Mercedes<br>Ferrocarril Oeste<br>Gimnasia de Comodoro Rivadavia<br>Independiente de Oliva<br>Instituto de C\u00f3rdoba<br>La Uni\u00f3n de Formosa<br>Obras Basket<br>Ol\u00edmpico de La Banda<br>Platense<br>Quimsa de Santiago del Estero<br>Regatas de Corrientes<br>Riachuelo de La Rioja<br>San Lorenzo<br>Uni\u00f3n de Santa Fe<br>Ober\u00e1, San Mart\u00edn de Corrientes, Pe\u00f1arol de Mar del Plata y Atenas de C\u00f3rdoba enviaron nota respaldo.<\/p>\n\n\n\n<p>Por Liga Argentina estuvieron presentes dirigentes de:<\/p>\n\n\n\n<p>Ameghino<br>Atl\u00e9tico Pilar<br>Barrio Parque<br>Ciclista de Jun\u00edn<br>Col\u00f3n de Santa Fe<br>Deportivo Viedma<br>Echag\u00fce<br>Estudiantes de Concordia<br>Gimnasia de La Plata<br>La Uni\u00f3n de Col\u00f3n<br>Lan\u00fas<br>Libertad de Sunchales<br>Norte de Armstrong<br>Quilmes de Mar del Plata<br>Racing de Chivilcoy<br>Salta Basket<br>Tom\u00e1s de Rocamora<br>San Isidro envi\u00f3 nota respaldo.<\/p>\n","protected":false},"excerpt":{"rendered":"<p>Los presidentes de los clubes de Liga Nacional, Liga Argentina y Liga Femenina ratificaron su apoyo a la<\/p>\n","protected":false},"author":2,"featured_media":11804,"comment_status":"open","ping_status":"open","sticky":false,"template":"","format":"standard","meta":{"footnotes":""},"categories":[1],"tags":[],"class_list":["post-11803","post","type-post","status-publish","format-standard","has-post-thumbnail","hentry","category-sin-categoria"],"_links":{"self":[{"href":"http:\/\/zonade3.com.ar\/blog\/wp-json\/wp\/v2\/posts\/11803","targetHints":{"allow":["GET"]}}],"collection":[{"href":"http:\/\/zonade3.com.ar\/blog\/wp-json\/wp\/v2\/posts"}],"about":[{"href":"http:\/\/zonade3.com.ar\/blog\/wp-json\/wp\/v2\/types\/post"}],"author":[{"embeddable":true,"href":"http:\/\/zonade3.com.ar\/blog\/wp-json\/wp\/v2\/users\/2"}],"replies":[{"embeddable":true,"href":"http:\/\/zonade3.com.ar\/blog\/wp-json\/wp\/v2\/comments?post=11803"}],"version-history":[{"count":3,"href":"http:\/\/zonade3.com.ar\/blog\/wp-json\/wp\/v2\/posts\/11803\/revisions"}],"predecessor-version":[{"id":11807,"href":"http:\/\/zonade3.com.ar\/blog\/wp-json\/wp\/v2\/posts\/11803\/revisions\/11807"}],"wp:featuredmedia":[{"embeddable":true,"href":"http:\/\/zonade3.com.ar\/blog\/wp-json\/wp\/v2\/media\/11804"}],"wp:attachment":[{"href":"http:\/\/zonade3.com.ar\/blog\/wp-json\/wp\/v2\/media?parent=11803"}],"wp:term":[{"taxonomy":"category","embeddable":true,"href":"http:\/\/zonade3.com.ar\/blog\/wp-json\/wp\/v2\/categories?post=11803"},{"taxonomy":"post_tag","embeddable":true,"href":"http:\/\/zonade3.com.ar\/blog\/wp-json\/wp\/v2\/tags?post=11803"}],"curies":[{"name":"wp","href":"https:\/\/api.w.org\/{rel}","templated":true}]}}