{"id":11812,"date":"2023-03-10T02:37:17","date_gmt":"2023-03-10T02:37:17","guid":{"rendered":"http:\/\/zonade3.com.ar.ar\/blog\/?p=11812"},"modified":"2023-03-10T02:37:17","modified_gmt":"2023-03-10T02:37:17","slug":"la-cab-reunio-a-su-gente-y-por-primera-vez-menciono-la-palabra-autocritica","status":"publish","type":"post","link":"http:\/\/zonade3.com.ar\/blog\/la-cab-reunio-a-su-gente-y-por-primera-vez-menciono-la-palabra-autocritica\/","title":{"rendered":"La CAB reuni\u00f3 a su gente y por primera vez mencion\u00f3 la palabra autocr\u00edtica"},"content":{"rendered":"\n<p>Por primera vez desde la eliminaci\u00f3n de Argentina del Mundial los dirigentes de la Confederaci\u00f3n se reunieron para evaluar el presente. En este contexto, por primera vez se nombr\u00f3 la palabra autocr\u00edtica y, seg\u00fan el comunicado, se comprometieron a apoyar la gesti\u00f3n y seguir trabajando para volver a los primeros plan<\/p>\n\n\n\n<p>El comunicado oficial:<\/p>\n\n\n\n<p>Comunicado oficial tras la Reuni\u00f3n de Consejo Directivo y representantes de Federaciones Provinciales.<\/p>\n\n\n\n<p>La derrota deportiva siempre es dolorosa, nos afecta en todo sentido porque antes que nada nos apasiona el B\u00e1squet y la Selecci\u00f3n Argentina.<\/p>\n\n\n\n<p>Afortunadamente nos acostumbramos a grandes resultados y en el tiempo de adversidad debemos ser m\u00e1s fuertes, estar m\u00e1s unidos y trabajar con mayor empe\u00f1o en los objetivos que vienen.<\/p>\n\n\n\n<p>Es tiempo de autocr\u00edtica como dirigentes y responsables. Somos los conductores y sabemos que en estos momentos parar la pelota para evaluar en conjunto es lo m\u00e1s importante, con el compromiso intacto y la convicci\u00f3n que si aprendemos saldremos fortalecidos de este duro momento. La mejor respuesta a las cr\u00edticas es aprender, no frenar y seguir adelante, como siempre y m\u00e1s que nunca.<\/p>\n","protected":false},"excerpt":{"rendered":"<p>Por primera vez desde la eliminaci\u00f3n de Argentina del Mundial los dirigentes de la Confederaci\u00f3n se reunieron para<\/p>\n","protected":false},"author":2,"featured_media":11813,"comment_status":"open","ping_status":"open","sticky":false,"template":"","format":"standard","meta":{"footnotes":""},"categories":[1],"tags":[],"class_list":["post-11812","post","type-post","status-publish","format-standard","has-post-thumbnail","hentry","category-sin-categoria"],"_links":{"self":[{"href":"http:\/\/zonade3.com.ar\/blog\/wp-json\/wp\/v2\/posts\/11812","targetHints":{"allow":["GET"]}}],"collection":[{"href":"http:\/\/zonade3.com.ar\/blog\/wp-json\/wp\/v2\/posts"}],"about":[{"href":"http:\/\/zonade3.com.ar\/blog\/wp-json\/wp\/v2\/types\/post"}],"author":[{"embeddable":true,"href":"http:\/\/zonade3.com.ar\/blog\/wp-json\/wp\/v2\/users\/2"}],"replies":[{"embeddable":true,"href":"http:\/\/zonade3.com.ar\/blog\/wp-json\/wp\/v2\/comments?post=11812"}],"version-history":[{"count":1,"href":"http:\/\/zonade3.com.ar\/blog\/wp-json\/wp\/v2\/posts\/11812\/revisions"}],"predecessor-version":[{"id":11814,"href":"http:\/\/zonade3.com.ar\/blog\/wp-json\/wp\/v2\/posts\/11812\/revisions\/11814"}],"wp:featuredmedia":[{"embeddable":true,"href":"http:\/\/zonade3.com.ar\/blog\/wp-json\/wp\/v2\/media\/11813"}],"wp:attachment":[{"href":"http:\/\/zonade3.com.ar\/blog\/wp-json\/wp\/v2\/media?parent=11812"}],"wp:term":[{"taxonomy":"category","embeddable":true,"href":"http:\/\/zonade3.com.ar\/blog\/wp-json\/wp\/v2\/categories?post=11812"},{"taxonomy":"post_tag","embeddable":true,"href":"http:\/\/zonade3.com.ar\/blog\/wp-json\/wp\/v2\/tags?post=11812"}],"curies":[{"name":"wp","href":"https:\/\/api.w.org\/{rel}","templated":true}]}}