{"id":11815,"date":"2023-03-10T02:45:33","date_gmt":"2023-03-10T02:45:33","guid":{"rendered":"http:\/\/zonade3.com.ar.ar\/blog\/?p=11815"},"modified":"2023-03-10T02:45:33","modified_gmt":"2023-03-10T02:45:33","slug":"la-continuidad-de-prigioni-y-el-futuro-politico-deportivo-de-nuestro-basquet","status":"publish","type":"post","link":"http:\/\/zonade3.com.ar\/blog\/la-continuidad-de-prigioni-y-el-futuro-politico-deportivo-de-nuestro-basquet\/","title":{"rendered":"La continuidad de Prigioni y el futuro pol\u00edtico\/deportivo de nuestro b\u00e1squet"},"content":{"rendered":"\n<p>La CAB anunci\u00f3 la renovaci\u00f3n del DT mientras debate quien ocupar\u00e1 el lugar de Fabi\u00e1n Borro, el cuestionado presidente que desde mayo ser\u00e1 el titular de FIBA Am\u00e9ricas. Los tres nombres posibles y el dif\u00edcil panorama del seleccionado para llegar a Par\u00eds 2024<br><br>Se viven d\u00edas muy convulsionados en el b\u00e1squet argentino. De crisis. La no clasificaci\u00f3n al Mundial, un golpe que un deporte muy tradicional de nuestro pa\u00eds no recib\u00eda desde hace 41 a\u00f1os, cal\u00f3 hondo. Los responsables de la debacle deportiva son varios, pero Fabi\u00e1n Borro, el cuestionado presidente de la Confederaci\u00f3n Argentina, qued\u00f3 en el centro de la escena. En algunos medios, en las redes sociales y en varias canchas de la Liga Nacional -con insultos incluidos que le costaron multas a clubes como Boca- fue el principal acusado, una situaci\u00f3n que se contrapone a su status pol\u00edtico, teniendo en cuenta que ya es un secreto a voces que en mayo asumir\u00e1 como nuevo presidente de FIBA Am\u00e9ricas y as\u00ed ser\u00e1 la segunda persona m\u00e1s importante del organismo que rige el b\u00e1squet en el continente. No hubo autocr\u00edtica p\u00fablica, de Borro ni de ning\u00fan dirigente. S\u00f3lo fotos que manifiestan una supuesta unidad dirigencial, aunque los disconformes son cada d\u00eda m\u00e1s.<br><br>Prigioni seguir\u00e1 como t\u00e9cnico de la selecci\u00f3n de b\u00e1squet: c\u00f3mo reponerse del reciente golpe y el sue\u00f1o de Par\u00eds 2024<br>Lo que s\u00ed hubo fue una decisi\u00f3n anunciada este martes: la renovaci\u00f3n de Pablo Prigioni al frente del seleccionado mayor. \u201cNo clasificar al Mundial fue un mazazo dif\u00edcil, doloroso e inesperado. Debemos concentrarnos en la revancha deportiva y todos unidos junto a Pablo y a nuestros jugadores tenemos un nuevo objetivo: clasificar a los Juegos Ol\u00edmpicos 2024. No ser\u00e1 f\u00e1cil, el camino es largo. El compromiso y profesionalismo de Pablo hacen que sea la mejor elecci\u00f3n para este enorme desaf\u00edo\u201d, declar\u00f3 Borro en la gacetilla de CAB que anunci\u00f3 la continuidad de Pablo. \u201cEs un golpe duro no estar en el Mundial, ahora debemos enfocarnos en la posibilidad que tenemos para reorganizarnos como equipo. Nuestro objetivo a corto plazo est\u00e1 claro: dar un paso m\u00e1s en la b\u00fasqueda de clasificaci\u00f3n a los Juegos Ol\u00edmpicos. Conf\u00edo mucho en el equipo y tenemos como siempre todo el apoyo de la Confederaci\u00f3n para conseguirlo\u201d, agreg\u00f3 el entrenador cordob\u00e9s desde Minnesota, donde ejerce como el principal asistente de un equipo que hoy est\u00e1 clasificando a los playoffs NBA.<\/p>\n\n\n\n<p>Parece una decisi\u00f3n acertada porque, m\u00e1s all\u00e1 del resultado adverso final, Pablo tiene el apoyo de los jugadores y su potencial como entrenador es promisorio. Es verdad que est\u00e1 haciendo sus primeras armas como DT, sobre todo en el \u00e1mbito FIBA, algo que se not\u00f3 en decisiones trascendentales en el \u00faltimo partido en Mar del Plata, pero no pesa tanto en este momento complejo. Adem\u00e1s, su compromiso es total con la camiseta. Agarr\u00f3 un fierro caliente tras el despido encubierto de N\u00e9stor Garc\u00eda en agosto del a\u00f1o pasado y ahora repite tras la debacle en MdP. Fue campe\u00f3n de la Americup, su m\u00e9rito mayor, y sufri\u00f3 sobre todo las dos derrotas con Dominicana que determinaron que Argentina no consiguiera ninguno de los siete boletos que dio Am\u00e9rica para el Mundial que arrancar\u00e1 a fines de agosto.<\/p>\n\n\n\n<p>Su primer gran objetivo ser\u00e1, entonces, el Preol\u00edmpico americano que se disputar\u00e1 del 12 al 20 de agosto en sede a designar (\u00bfse postular\u00e1 Argentina?). Lo jugar\u00e1n ocho selecciones del continente que no llegaron al Mundial. Las cinco eliminadas de la segunda ronda (Argentina, Bahamas, Uruguay, Colombia y Panam\u00e1) y las tres con mejor r\u00e9cord de la primera ronda (Chile, Cuba e Islas V\u00edrgenes). S\u00f3lo el ganador de esta competencia se clasificar\u00e1 a una de las cuatro sedes que, poco antes del torneo ol\u00edmpico en Francia, entregar\u00e1 cuatro boletos totales para Par\u00eds.<br><br>Si Argentina logra ese pasaje, lo pasamos en limpio: en todo el mundo habr\u00e1 cuatro sedes, cada una con seis selecciones que se dividir\u00e1n en dos grupos de tres y que luego se cruzar\u00e1n primero contra segundo en semifinales y final a partido \u00fanico. Solo los vencedores estar\u00e1n en los Juegos. Las otras siete plazas se repartir\u00e1n en el Mundial y la 12\u00b0 es l\u00f3gicamente del local, Francia. En total, hay dos boletos para Am\u00e9rica y Europa, uno para Africa, otro para Asia y el restante para Ocean\u00eda.<br><br>Es decir que la Selecci\u00f3n deber\u00e1 pasar dos torneos y eliminar 12 rivales camino al boleto ol\u00edmpico. Si no lo logra, carecer\u00e1 de competencia importante hasta la Americup 2025 y, con suerte, hasta el Mundial 2027. Con Prigioni deber\u00e1 desandar esta \u00fanica chance de clasificarse a los Juegos y evitar estar muchos a\u00f1os sin competencia grande. La otra cita de este a\u00f1o, a la que Argentina asistir\u00e1 a defender la medalla de oro del 2019, ser\u00e1n los Panamericanos de Santiago de Chile, entre fin de octubre y principios de noviembre, pero seguramente sin los mejores exponentes del equipo nacional.<\/p>\n\n\n\n<p><strong>Por lo pronto, hay otra batalla fuera del campo y tiene que ver con qui\u00e9nes ocupar\u00e1n los cargos principales que regir\u00e1n el futuro de un degradado b\u00e1squet argentino. <\/strong>Borro, presidente desde diciembre del 2019, ser\u00e1 elegido como titular de FIBA Am\u00e9ricas, un cargo pol\u00edtico que est\u00e1 por debajo del verdadero mandam\u00e1s, el brasile\u00f1o Carlos Alves, su Director Ejecutivo desde 2017. Pero no es poco lo que consigui\u00f3 el h\u00e1bil pol\u00edtico que es el titular de Obras Sanitarias. <strong>Ese puesto le corresponde, por rotaci\u00f3n, a Am\u00e9rica del Sur. <\/strong>El estatuto marca que debe ser el presidente de Consub\u00e1squet, pero el paraguayo Marcelo Bedoya renunci\u00f3 luego de una movida pol\u00edtica de debilitamiento que se organiz\u00f3 y el camino qued\u00f3 libre para Borro, que hace a\u00f1os trabaja con ese objetivo. No solo tiene el apoyo de Alves sino tambi\u00e9n de Andreas Zagklis, el griego que es el Secretario General de FIBA.<\/p>\n\n\n\n<p>El sue\u00f1o de Borro es llegar a FIBA, para ocupar el cargo que durante cinco a\u00f1os ejerci\u00f3 el tucumano Horacio Muratore (Presidente Honorario entre 2014 y 2019), pero la rotaci\u00f3n Mundial hace que eso sea imposible durante 12 a\u00f1os (les toca antes a los otros continentes). Por lo pronto, Borro reemplazar\u00e1 a Carol Callan, la mujer canadiense que ejerci\u00f3 hasta ahora en nuestro continente.<\/p>\n\n\n\n<p>El tema, entonces, es qu\u00e9 pasar\u00e1 en la CAB, desde mayo, cuando en FIBA Am\u00e9ricas asuma el directivo de extracci\u00f3n sindical. Hay varios teor\u00edas. Algunos creen que pedir\u00e1 un permiso especial en el ente continental para seguir con un interinato en CAB hasta las elecciones, que deben ser este a\u00f1o, en principio en noviembre o diciembre. La menos probable es que adelanten las elecciones y la alternativa moderada es elegir a un sucesor temporario para que ejecute desde mayo a noviembre.<\/p>\n\n\n\n<p>El tema, en ese caso, es qui\u00e9n. Miguel Angel Chami, el vicepresidente 1\u00b0, est\u00e1 hoy enfrentado con Borro y adem\u00e1s tiene un gran problema -ya judicializado- en la Federaci\u00f3n de Buenos Aires. <strong>Qui\u00e9n le sigue es Mario Ontivero, el vicepresidente 2\u00b0 que fue separado de su cargo de presidente de la Federaci\u00f3n de C\u00f3rdoba por presuntas irregularidades.<\/strong> No tiene plaf\u00f3n pol\u00edtico. Ambos lucen descartados hoy en d\u00eda.<\/p>\n\n\n\n<p>\u00bfEntonces qui\u00e9n? se preguntan todos. Y ah\u00ed el tema se centra en dos nombres, tal vez tres. Por un lado, Sergio Gatti, neuquino que est\u00e1 hace m\u00e1s de 15 a\u00f1os en la CAB -hoy es Secretario General- y es hombre de extrema confianza de Borro y, adem\u00e1s, de Horario Muratore, aliado pol\u00edtico del actual titular de CAB. Juan Manuel Cavagliatto, el \u00fanico nuevo dirigente que ha surgido con fuerza en los \u00faltimos a\u00f1os en el b\u00e1squet argentino. Es el presidente de Instituto, l\u00edder del resurgimiento del club cordob\u00e9s, en lo institucional -Instituto estaba fundido- y en lo deportivo. Logr\u00f3 el ascenso a la Liga Nacional y ya gan\u00f3 t\u00edtulos importantes, adem\u00e1s de llegar a la Primera Divisi\u00f3n del f\u00fatbol argentino. Adem\u00e1s, muy h\u00e1bil como pol\u00edtico, Cavagliatto est\u00e1 en la mesa chica tanto del b\u00e1squet como del f\u00fatbol nacional, junto a Chiqui Tapia. La otra opci\u00f3n es Gerardo Montenegro, el santiague\u00f1o que es el presidente de la AdC y otro aliado de Borro desde hace a\u00f1os. Su perfil, en relaci\u00f3n a buscar consensos, podr\u00eda sumar, aunque ser\u00eda lo opuesto a una renovaci\u00f3n.<br><br>Cavagliatto encarna la imagen de la esperada renovaci\u00f3n. Por eso jugadores, dirigentes y hasta hinchas lo piden para la sucesi\u00f3n. Pero, por ahora, Borro no le ha dicho nada. El titular de la Gloria es cercano al presidente de la CAB desde hace a\u00f1os, pero a la vez lo ven con vuelo propio y eso no gusta. \u201c\u00bfTe acord\u00e1s cuando se dec\u00eda que N\u00e9stor Kirchner ser\u00eda el t\u00edtere de Duhalde y luego fue todo lo contrario? Eso puede pasar con Cavagliatto y eso teme Fabi\u00e1n. Por eso no creo que sea el elegido\u201d coment\u00f3 una fuente que conoce la interna.<\/p>\n\n\n\n<p>Cavagliatto estar\u00eda dispuesto a hacerlo pese a que tal vez deber\u00eda sacrificar -o demorar- su carrera en la AFA. B\u00e1sicamente porque se siente un hombre del b\u00e1squet. Pero s\u00f3lo aceptar\u00eda \u201csi puede ejecutar una verdadera transformaci\u00f3n en el b\u00e1squet, con un Director Deportivo de peso, con un equipo de trabajo, varias mesas de di\u00e1logos y sin enfrentamientos\u201d, cont\u00f3 alguien que lo conoce bien en Instituto. Eso s\u00ed, como no ocupa cargo en la Federaci\u00f3n de C\u00f3rdoba, legalmente deber\u00eda ingresar por la Asociaci\u00f3n de Clubes, una federaci\u00f3n m\u00e1s luego de la puesta en funcionamiento del nuevo estatuto. Hoy, en la AdC, pisa fuerte m\u00e1s all\u00e1 de ser el vicepresidente segundo. \u201cOlvidate, para m\u00ed sigue Gatti hasta las elecciones. Para ganar tiempo y ver qui\u00e9n puede imponerse en una elecci\u00f3n\u201d, se la jug\u00f3 un presidente de federaci\u00f3n que est\u00e1 en la oposici\u00f3n.<\/p>\n\n\n\n<p>Se ver\u00e1. Por lo pronto la \u00fanica certeza es que Prigioni seguir\u00e1 como entrenador. Veremos qui\u00e9nes son los que asumir\u00e1n para intentar sacar al b\u00e1squet de la nueva crisis, la segunda en apenas una d\u00e9cada, si recordamos aquella del 2014 cuando los jugadores m\u00e1s pesados se plantaron antes del Mundial, para sacar a Germ\u00e1n Vaccaro y el resto de los dirigentes, acusados de administraci\u00f3n fraudulenta. Vaccaro admiti\u00f3 su culpabilidad -lo condenaron a pagar 80.000 d\u00f3lares y tiene prohibici\u00f3n de ejercer cargos p\u00fablicos de por vida-, tras un acuerdo que hizo que el juicio no siguiera para no \u201cmanchar\u201d a nadie m\u00e1s. Por ahora, mientras se esperan m\u00e1s novedades, nadie m\u00e1s admiti\u00f3 nada y el b\u00e1squet argentino es la v\u00edctima.<br><br>Fuente: Julian Mozo &#8211; Infobae <\/p>\n","protected":false},"excerpt":{"rendered":"<p>La CAB anunci\u00f3 la renovaci\u00f3n del DT mientras debate quien ocupar\u00e1 el lugar de Fabi\u00e1n Borro, el cuestionado<\/p>\n","protected":false},"author":2,"featured_media":11248,"comment_status":"open","ping_status":"open","sticky":false,"template":"","format":"standard","meta":{"footnotes":""},"categories":[1],"tags":[],"class_list":["post-11815","post","type-post","status-publish","format-standard","has-post-thumbnail","hentry","category-sin-categoria"],"_links":{"self":[{"href":"http:\/\/zonade3.com.ar\/blog\/wp-json\/wp\/v2\/posts\/11815","targetHints":{"allow":["GET"]}}],"collection":[{"href":"http:\/\/zonade3.com.ar\/blog\/wp-json\/wp\/v2\/posts"}],"about":[{"href":"http:\/\/zonade3.com.ar\/blog\/wp-json\/wp\/v2\/types\/post"}],"author":[{"embeddable":true,"href":"http:\/\/zonade3.com.ar\/blog\/wp-json\/wp\/v2\/users\/2"}],"replies":[{"embeddable":true,"href":"http:\/\/zonade3.com.ar\/blog\/wp-json\/wp\/v2\/comments?post=11815"}],"version-history":[{"count":1,"href":"http:\/\/zonade3.com.ar\/blog\/wp-json\/wp\/v2\/posts\/11815\/revisions"}],"predecessor-version":[{"id":11816,"href":"http:\/\/zonade3.com.ar\/blog\/wp-json\/wp\/v2\/posts\/11815\/revisions\/11816"}],"wp:featuredmedia":[{"embeddable":true,"href":"http:\/\/zonade3.com.ar\/blog\/wp-json\/wp\/v2\/media\/11248"}],"wp:attachment":[{"href":"http:\/\/zonade3.com.ar\/blog\/wp-json\/wp\/v2\/media?parent=11815"}],"wp:term":[{"taxonomy":"category","embeddable":true,"href":"http:\/\/zonade3.com.ar\/blog\/wp-json\/wp\/v2\/categories?post=11815"},{"taxonomy":"post_tag","embeddable":true,"href":"http:\/\/zonade3.com.ar\/blog\/wp-json\/wp\/v2\/tags?post=11815"}],"curies":[{"name":"wp","href":"https:\/\/api.w.org\/{rel}","templated":true}]}}