{"id":11817,"date":"2023-03-10T03:04:26","date_gmt":"2023-03-10T03:04:26","guid":{"rendered":"http:\/\/zonade3.com.ar.ar\/blog\/?p=11817"},"modified":"2023-03-10T03:07:35","modified_gmt":"2023-03-10T03:07:35","slug":"asoc-morteros-arranca-la-primera-division-masculina","status":"publish","type":"post","link":"http:\/\/zonade3.com.ar\/blog\/asoc-morteros-arranca-la-primera-division-masculina\/","title":{"rendered":"Asoc. Morteros: arranca la competencia"},"content":{"rendered":"\n<p>Luego de lo que fue la suspensi\u00f3n y pol\u00e9mica incluida por el Caso Mamedes, el brasile\u00f1o de Uni\u00f3n de San Guillermo, finalmente comienza la acci\u00f3n en la Asoc. Morterense. Lo har\u00e1 con el comienzo de la segundo fecha en masculino <\/p>\n\n\n\n<p>Aqu\u00ed todo el detalle: <br><br><img loading=\"lazy\" decoding=\"async\" width=\"1000\" height=\"451\" class=\"wp-image-11818\" style=\"width: 1000px;\" src=\"http:\/\/zonade3.com.ar.ar\/blog\/wp-content\/uploads\/2023\/03\/PROGRAMACION-TORNEO-APERTURA.jpg\" alt=\"\" srcset=\"http:\/\/zonade3.com.ar\/blog\/wp-content\/uploads\/2023\/03\/PROGRAMACION-TORNEO-APERTURA.jpg 1024w, http:\/\/zonade3.com.ar\/blog\/wp-content\/uploads\/2023\/03\/PROGRAMACION-TORNEO-APERTURA-300x135.jpg 300w, http:\/\/zonade3.com.ar\/blog\/wp-content\/uploads\/2023\/03\/PROGRAMACION-TORNEO-APERTURA-768x347.jpg 768w\" sizes=\"auto, (max-width: 1000px) 100vw, 1000px\" \/><\/p>\n","protected":false},"excerpt":{"rendered":"<p>Luego de lo que fue la suspensi\u00f3n y pol\u00e9mica incluida por el Caso Mamedes, el brasile\u00f1o de Uni\u00f3n<\/p>\n","protected":false},"author":2,"featured_media":1821,"comment_status":"open","ping_status":"open","sticky":false,"template":"","format":"standard","meta":{"footnotes":""},"categories":[1],"tags":[],"class_list":["post-11817","post","type-post","status-publish","format-standard","has-post-thumbnail","hentry","category-sin-categoria"],"_links":{"self":[{"href":"http:\/\/zonade3.com.ar\/blog\/wp-json\/wp\/v2\/posts\/11817","targetHints":{"allow":["GET"]}}],"collection":[{"href":"http:\/\/zonade3.com.ar\/blog\/wp-json\/wp\/v2\/posts"}],"about":[{"href":"http:\/\/zonade3.com.ar\/blog\/wp-json\/wp\/v2\/types\/post"}],"author":[{"embeddable":true,"href":"http:\/\/zonade3.com.ar\/blog\/wp-json\/wp\/v2\/users\/2"}],"replies":[{"embeddable":true,"href":"http:\/\/zonade3.com.ar\/blog\/wp-json\/wp\/v2\/comments?post=11817"}],"version-history":[{"count":3,"href":"http:\/\/zonade3.com.ar\/blog\/wp-json\/wp\/v2\/posts\/11817\/revisions"}],"predecessor-version":[{"id":11822,"href":"http:\/\/zonade3.com.ar\/blog\/wp-json\/wp\/v2\/posts\/11817\/revisions\/11822"}],"wp:featuredmedia":[{"embeddable":true,"href":"http:\/\/zonade3.com.ar\/blog\/wp-json\/wp\/v2\/media\/1821"}],"wp:attachment":[{"href":"http:\/\/zonade3.com.ar\/blog\/wp-json\/wp\/v2\/media?parent=11817"}],"wp:term":[{"taxonomy":"category","embeddable":true,"href":"http:\/\/zonade3.com.ar\/blog\/wp-json\/wp\/v2\/categories?post=11817"},{"taxonomy":"post_tag","embeddable":true,"href":"http:\/\/zonade3.com.ar\/blog\/wp-json\/wp\/v2\/tags?post=11817"}],"curies":[{"name":"wp","href":"https:\/\/api.w.org\/{rel}","templated":true}]}}