{"id":11826,"date":"2023-03-11T11:36:27","date_gmt":"2023-03-11T11:36:27","guid":{"rendered":"http:\/\/zonade3.com.ar.ar\/blog\/?p=11826"},"modified":"2023-03-11T11:36:27","modified_gmt":"2023-03-11T11:36:27","slug":"asoc-morteros-centro-social-debuto-con-un-triunfazo-y-union-se-impuso-de-local","status":"publish","type":"post","link":"http:\/\/zonade3.com.ar\/blog\/asoc-morteros-centro-social-debuto-con-un-triunfazo-y-union-se-impuso-de-local\/","title":{"rendered":"Asoc. Morteros: Centro Social debut\u00f3 con un triunfazo y Uni\u00f3n se impuso de local"},"content":{"rendered":"\n<p>Centro Social debut\u00f3 en el Asociativo con un Triunfazo en el cl\u00e1sico d\u00e9 Brinkmann. Fue 71-68 en un partido donde el Rojinegro sac\u00f3 una diferencia que mantuvo durante buena parte del partido aunque San Jorge pudo descontar algunos puntos sobre el final.<br><br>17 puntos del Rafaelino Luciano Volta en su estreno con la camiseta del Club, el goleador del equipo y del juego.<\/p>\n\n\n\n<p><strong>A pesar de acatar el fallo mayoritario de los clubes, Uni\u00f3n sigue reclamando por Mamedes<\/strong><br><br><img loading=\"lazy\" decoding=\"async\" width=\"640\" height=\"441\" class=\"wp-image-11828\" style=\"width: 640px;\" src=\"http:\/\/zonade3.com.ar.ar\/blog\/wp-content\/uploads\/2023\/03\/union-mamedes.jpg\" alt=\"\" srcset=\"http:\/\/zonade3.com.ar\/blog\/wp-content\/uploads\/2023\/03\/union-mamedes.jpg 598w, http:\/\/zonade3.com.ar\/blog\/wp-content\/uploads\/2023\/03\/union-mamedes-300x207.jpg 300w\" sizes=\"auto, (max-width: 640px) 100vw, 640px\" \/><br><br>En el arranque del partido de Uni\u00f3n ante Tiro por la primera fecha de la Liga Morterense, los jugadores y cuerpo t\u00e9cnico, adem\u00e1s de los hinchas, pidieron por el jugador brasile\u00f1o Joao V\u00edctor Mamedes quien despu\u00e9s de haber fichado en Uni\u00f3n la mayor\u00eda de los clubes de la Morterense se opusieron a su incorporaci\u00f3n y en una votaci\u00f3n 7 a 2 le negaron la posibilidad de jugar. <br><br>En lo que respecta al juego, Uni\u00f3n fue superior y se impuso por 97-77 ante Tiro Federal<\/p>\n","protected":false},"excerpt":{"rendered":"<p>Centro Social debut\u00f3 en el Asociativo con un Triunfazo en el cl\u00e1sico d\u00e9 Brinkmann. Fue 71-68 en un<\/p>\n","protected":false},"author":2,"featured_media":11827,"comment_status":"open","ping_status":"open","sticky":false,"template":"","format":"standard","meta":{"footnotes":""},"categories":[1],"tags":[],"class_list":["post-11826","post","type-post","status-publish","format-standard","has-post-thumbnail","hentry","category-sin-categoria"],"_links":{"self":[{"href":"http:\/\/zonade3.com.ar\/blog\/wp-json\/wp\/v2\/posts\/11826","targetHints":{"allow":["GET"]}}],"collection":[{"href":"http:\/\/zonade3.com.ar\/blog\/wp-json\/wp\/v2\/posts"}],"about":[{"href":"http:\/\/zonade3.com.ar\/blog\/wp-json\/wp\/v2\/types\/post"}],"author":[{"embeddable":true,"href":"http:\/\/zonade3.com.ar\/blog\/wp-json\/wp\/v2\/users\/2"}],"replies":[{"embeddable":true,"href":"http:\/\/zonade3.com.ar\/blog\/wp-json\/wp\/v2\/comments?post=11826"}],"version-history":[{"count":1,"href":"http:\/\/zonade3.com.ar\/blog\/wp-json\/wp\/v2\/posts\/11826\/revisions"}],"predecessor-version":[{"id":11829,"href":"http:\/\/zonade3.com.ar\/blog\/wp-json\/wp\/v2\/posts\/11826\/revisions\/11829"}],"wp:featuredmedia":[{"embeddable":true,"href":"http:\/\/zonade3.com.ar\/blog\/wp-json\/wp\/v2\/media\/11827"}],"wp:attachment":[{"href":"http:\/\/zonade3.com.ar\/blog\/wp-json\/wp\/v2\/media?parent=11826"}],"wp:term":[{"taxonomy":"category","embeddable":true,"href":"http:\/\/zonade3.com.ar\/blog\/wp-json\/wp\/v2\/categories?post=11826"},{"taxonomy":"post_tag","embeddable":true,"href":"http:\/\/zonade3.com.ar\/blog\/wp-json\/wp\/v2\/tags?post=11826"}],"curies":[{"name":"wp","href":"https:\/\/api.w.org\/{rel}","templated":true}]}}