{"id":11839,"date":"2023-03-16T12:02:30","date_gmt":"2023-03-16T12:02:30","guid":{"rendered":"http:\/\/zonade3.com.ar.ar\/blog\/?p=11839"},"modified":"2023-03-16T12:02:30","modified_gmt":"2023-03-16T12:02:30","slug":"liga-federal-triunfazo-de-el-ceibo-en-san-luis","status":"publish","type":"post","link":"http:\/\/zonade3.com.ar\/blog\/liga-federal-triunfazo-de-el-ceibo-en-san-luis\/","title":{"rendered":"Liga Federal: triunfazo de El Ceibo en San Luis"},"content":{"rendered":"\n<p>Con personalidad, coraz\u00f3n y mostrando todo su poder de gol, Asociaci\u00f3n El Ceibo se qued\u00f3 con una gran victoria por 88 a 91, en condici\u00f3n de visitante, frente a Alberdi de Villa Mercedes, que ven\u00eda liderando la Zona 2, de la Divisi\u00f3n Centro, de la Liga Federal.<br><br>El primer cuarto arranc\u00f3 siendo favorable para el elenco sanfrancisque\u00f1o, pero el due\u00f1o de casa logr\u00f3 emparejar las acciones gracias a la punter\u00eda del veterano \u00abMaxi\u00bb R\u00edos. Por su parte, la \u00abFlor Nacional\u00bb, que no pudo contar con el lesionado Agust\u00edn Lozano, de la mano de Luciano Garc\u00eda e Ignacio Zaffetti dio pelea y de esta forma Alberdi termin\u00f3 solamente un punto arriba tras los diez primeros minutos de partido (22-21).<\/p>\n\n\n\n<p>El segundo cap\u00edtulo fue muy parejo y con mucha fricci\u00f3n ya que los jueces permitieron demasiado el juego f\u00edsico. El Ceibo, con las conversiones desde \u00abtercera dimensi\u00f3n\u00bb por parte de Florito, Silveira y Riffle, y adem\u00e1s apostando a una f\u00e9rrea marcaci\u00f3n, hizo todo sumamente re\u00f1ido. Luego, el conjunto de San Luis creci\u00f3 en su juego con buenos pasajes de M\u00e1s Delfino y as\u00ed logr\u00f3 irse al descanso largo arriba por 45 a 41.<\/p>\n\n\n\n<p>A la hora de regresar a la acci\u00f3n, Far\u00edas, R\u00edos y Costa hicieron que Alberdi se escape 54 a 47. Pero el equipo de Eduardo Blengini, de la mano de un inspirado Tom\u00e1s Silveira, m\u00e1s el empuje de Grosso, Caraffa y el empuje del resto, tuvo un gran cierre en el tercer per\u00edodo, que finaliz\u00f3 con un apretado 64 a 63.<\/p>\n\n\n\n<p>En el amanecer del \u00faltimo episodio, un bombazo de Franco Riffle hizo que la \u00abFlor Nacional\u00bb pase al frente, pero instantes despu\u00e9s la visita perdi\u00f3 a dos piezas importantes (Garc\u00eda y Caraffa) quienes dejaron la cancha por haber llegado a las cinco faltas personales.<\/p>\n\n\n\n<p>Entre M\u00e1s Delfino, Costa y R\u00edos tomaron las riendas del anfitri\u00f3n, que lleg\u00f3 a sacar una luz de ventaja de 5 tantos. En tanto, Asociaci\u00f3n El Ceibo, con el atrevimiento de Silveira, m\u00e1s anotaciones claves cerca del cierre por parte de Grosso y Zaffetti hizo que todo sea palo a palo hasta el final.<\/p>\n\n\n\n<p>Con el electr\u00f3nico 88-89 y 15 segundos para el cierre, Alberdi tuvo la chance de anotar a trav\u00e9s de Santiago Costa, pero el armador err\u00f3 solo de tres puntos, El Ceibo se hizo fuerte en el rebote y el \u00abTomi\u00bb Silveira, desde la l\u00ednea de los suspiros liquid\u00f3 el pleito con dos tiros libres, m\u00e1s all\u00e1 de que en el \u00faltimo segundo M\u00e1s Delfino intent\u00f3 un triple ag\u00f3nico -que no entr\u00f3- y simul\u00f3 una falta que los \u00e1rbitros, acertadamente, no sancionaron para que de esta forma el equipo del \u00abMara\u00bb Blengini festeje con todo en rodeo ajeno.<br>Fuente: La Voz Deportiva<\/p>\n","protected":false},"excerpt":{"rendered":"<p>Con personalidad, coraz\u00f3n y mostrando todo su poder de gol, Asociaci\u00f3n El Ceibo se qued\u00f3 con una gran<\/p>\n","protected":false},"author":2,"featured_media":10447,"comment_status":"open","ping_status":"open","sticky":false,"template":"","format":"standard","meta":{"footnotes":""},"categories":[1],"tags":[],"class_list":["post-11839","post","type-post","status-publish","format-standard","has-post-thumbnail","hentry","category-sin-categoria"],"_links":{"self":[{"href":"http:\/\/zonade3.com.ar\/blog\/wp-json\/wp\/v2\/posts\/11839","targetHints":{"allow":["GET"]}}],"collection":[{"href":"http:\/\/zonade3.com.ar\/blog\/wp-json\/wp\/v2\/posts"}],"about":[{"href":"http:\/\/zonade3.com.ar\/blog\/wp-json\/wp\/v2\/types\/post"}],"author":[{"embeddable":true,"href":"http:\/\/zonade3.com.ar\/blog\/wp-json\/wp\/v2\/users\/2"}],"replies":[{"embeddable":true,"href":"http:\/\/zonade3.com.ar\/blog\/wp-json\/wp\/v2\/comments?post=11839"}],"version-history":[{"count":1,"href":"http:\/\/zonade3.com.ar\/blog\/wp-json\/wp\/v2\/posts\/11839\/revisions"}],"predecessor-version":[{"id":11840,"href":"http:\/\/zonade3.com.ar\/blog\/wp-json\/wp\/v2\/posts\/11839\/revisions\/11840"}],"wp:featuredmedia":[{"embeddable":true,"href":"http:\/\/zonade3.com.ar\/blog\/wp-json\/wp\/v2\/media\/10447"}],"wp:attachment":[{"href":"http:\/\/zonade3.com.ar\/blog\/wp-json\/wp\/v2\/media?parent=11839"}],"wp:term":[{"taxonomy":"category","embeddable":true,"href":"http:\/\/zonade3.com.ar\/blog\/wp-json\/wp\/v2\/categories?post=11839"},{"taxonomy":"post_tag","embeddable":true,"href":"http:\/\/zonade3.com.ar\/blog\/wp-json\/wp\/v2\/tags?post=11839"}],"curies":[{"name":"wp","href":"https:\/\/api.w.org\/{rel}","templated":true}]}}