{"id":11842,"date":"2023-03-17T20:44:37","date_gmt":"2023-03-17T20:44:37","guid":{"rendered":"http:\/\/zonade3.com.ar.ar\/blog\/?p=11842"},"modified":"2023-03-17T20:46:05","modified_gmt":"2023-03-17T20:46:05","slug":"liga-federal-bell-cayo-de-local","status":"publish","type":"post","link":"http:\/\/zonade3.com.ar\/blog\/liga-federal-bell-cayo-de-local\/","title":{"rendered":"Liga Federal: Bell cay\u00f3 de local"},"content":{"rendered":"\n<p>El equipo de Las Varillas se qued\u00f3 con un triunfo muy importante al vencer al albinegro 96 a 92 en el estadio \u201ctito\u201d Proietti. Ante un buen marco de p\u00fablico los dos representantes del b\u00e1squet cordob\u00e9s animaron un espect\u00e1culo entretenido, que tuvo un desenlace ajustado a favor del equipo mas inteligente a la hora de cerrar el juego.<\/p>\n\n\n\n<p>La primera parte del encuentro mostr\u00f3 lo mejor de Bell. En los dos primeros cuartos los dirigidos por Fernando Aguilar hicieron un despliegue f\u00edsico importante, con presi\u00f3n defensiva y una ofensiva aceitada en pase y una importante efectividad en tiros de campo. Se destacaron Agust\u00edn Farail y Farid Celador . Fue muy interesante lo del local en ese tramo del juego, con una ventaja al cierre del segundo cuarto de 12 puntos, 47 a 35.<\/p>\n\n\n\n<p>El segundo tramo del juego mostr\u00f3 lo mejor del visitante. Con el cerebro de \u00c1lvarez en el dise\u00f1o del juego, la colaboraci\u00f3n de Boglione y un Germano intratable en la pintura Almafuerte se puso a tiro y complic\u00f3 a Bell. Las defensas \u201cse fueron\u201d del partido y el score fue creciendo hasta llegar a la definici\u00f3n en la zona de los 90 puntos. En ese contexto Almafuerte aprovech\u00f3 la tensi\u00f3n de Bell y fue m\u00e1s preciso, cerrando el juego con solidez y desatando un merecido festejo.<\/p>\n\n\n\n<p>Con este resultado Bell cerr\u00f3 la primera rueda con un registro negativo de 2 triunfos y 4 derrotas. El pr\u00f2ximo partido se disputar\u00e1 el 25 de marzo en casa<\/p>\n\n\n\n<p>Individuales Bell :<\/p>\n\n\n\n<p>FI: Farail (22), Copello (16), Calorio (11), Ledesma J (12), Ledesma E (9). Ingresaron : Celador (14), Musri (8), Toranzo. DT Fernando Aguilar<\/p>\n\n\n\n<p>Individuales Almafuerte:<\/p>\n\n\n\n<p>FI: Bonansea (8), \u00c1lvarez (18), Boglione (21), Germano (25), Saiz (10). Ingresaron : Secchi (13), Audisio (1) Pegoraro. DT Mat\u00edas Hernandez<\/p>\n\n\n\n<p>Estadio: \u201ctito\u201dProeitti (Bell)<\/p>\n\n\n\n<p>P\u00fablico: 150 espectadores<\/p>\n\n\n\n<p>3\u00d73 : Ganador Bell<\/p>\n","protected":false},"excerpt":{"rendered":"<p>El equipo de Las Varillas se qued\u00f3 con un triunfo muy importante al vencer al albinegro 96 a<\/p>\n","protected":false},"author":2,"featured_media":11845,"comment_status":"open","ping_status":"open","sticky":false,"template":"","format":"standard","meta":{"footnotes":""},"categories":[1],"tags":[],"class_list":["post-11842","post","type-post","status-publish","format-standard","has-post-thumbnail","hentry","category-sin-categoria"],"_links":{"self":[{"href":"http:\/\/zonade3.com.ar\/blog\/wp-json\/wp\/v2\/posts\/11842","targetHints":{"allow":["GET"]}}],"collection":[{"href":"http:\/\/zonade3.com.ar\/blog\/wp-json\/wp\/v2\/posts"}],"about":[{"href":"http:\/\/zonade3.com.ar\/blog\/wp-json\/wp\/v2\/types\/post"}],"author":[{"embeddable":true,"href":"http:\/\/zonade3.com.ar\/blog\/wp-json\/wp\/v2\/users\/2"}],"replies":[{"embeddable":true,"href":"http:\/\/zonade3.com.ar\/blog\/wp-json\/wp\/v2\/comments?post=11842"}],"version-history":[{"count":1,"href":"http:\/\/zonade3.com.ar\/blog\/wp-json\/wp\/v2\/posts\/11842\/revisions"}],"predecessor-version":[{"id":11844,"href":"http:\/\/zonade3.com.ar\/blog\/wp-json\/wp\/v2\/posts\/11842\/revisions\/11844"}],"wp:featuredmedia":[{"embeddable":true,"href":"http:\/\/zonade3.com.ar\/blog\/wp-json\/wp\/v2\/media\/11845"}],"wp:attachment":[{"href":"http:\/\/zonade3.com.ar\/blog\/wp-json\/wp\/v2\/media?parent=11842"}],"wp:term":[{"taxonomy":"category","embeddable":true,"href":"http:\/\/zonade3.com.ar\/blog\/wp-json\/wp\/v2\/categories?post=11842"},{"taxonomy":"post_tag","embeddable":true,"href":"http:\/\/zonade3.com.ar\/blog\/wp-json\/wp\/v2\/tags?post=11842"}],"curies":[{"name":"wp","href":"https:\/\/api.w.org\/{rel}","templated":true}]}}