{"id":11866,"date":"2023-03-25T11:52:13","date_gmt":"2023-03-25T11:52:13","guid":{"rendered":"http:\/\/zonade3.com.ar.ar\/blog\/?p=11866"},"modified":"2023-03-25T11:52:13","modified_gmt":"2023-03-25T11:52:13","slug":"liga-federal-el-ceibo-no-afloja","status":"publish","type":"post","link":"http:\/\/zonade3.com.ar\/blog\/liga-federal-el-ceibo-no-afloja\/","title":{"rendered":"Liga Federal: El Ceibo no afloja"},"content":{"rendered":"\n<p>En el comienzo de la segunda ronda de la Zona 2 de la Conferencia Centro, Asociaci\u00f3n El Ceibo se impuso 76 &#8211; 65 sobre Bochas Sport de Colonia Caroya y sigue en lo m\u00e1s alto de las posiciones.<br><br>En el comienzo de la segunda ronda de la Zona 2, Conferencia Centro, de la Liga Federal de b\u00e1squetbol 2023, Asociaci\u00f3n El Ceibo venci\u00f3 como visitante 76 &#8211; 65 a Bochas Sport Club de Colonia Caroya y sigue en lo m\u00e1s alto de las posiciones.<\/p>\n\n\n\n<p>De esta manera, el elenco sanfrancisque\u00f1o pudo tomarse revancha de lo que hab\u00eda sido la derrota sufrida en el \u00abAntonio Cena\u00bb ante este rival en el inicio de la tercera divisi\u00f3n del b\u00e1squet nacional.<\/p>\n\n\n\n<p>Fue un partido intenso de principio a fin. Son dos equipos que se conocen mucho, que han jugado en repetidas ocasiones en el \u00faltimo tiempo, m\u00e1s all\u00e1 de peque\u00f1os cambios en los planteles.<\/p>\n\n\n\n<p>Los dirigidos por Blengini salieron con todo. La idea fue imponer su ritmo y lastimar por diferentes v\u00edas en ataque, algo que consigui\u00f3 y por eso fue tomando ventajas ya desde el inicio.<\/p>\n\n\n\n<p>Es que al t\u00e9rmino del primer cuarto ganaba 20 a 10, una buena ventaja. Adem\u00e1s, lo positivo fue como se adue\u00f1\u00f3 de los tableros, ya que a los rebotes defensivos le sum\u00f3 una buena cantidad en el aro de Bochas, por lo cual dispuso de segundas y hasta terceras oportunidades que le dieron la posibilidad de sumar.<\/p>\n\n\n\n<p>La \u00abFlor Nacional\u00bb, a diferencia del rival de turno, no tuvo una sola pieza en cual volcarse, sino que reparti\u00f3 el goleo y supo como utilizar sus individualidades en los momentos m\u00e1s \u00abcalientes\u00bb. Por eso en cada pasaje hab\u00eda un destacado, con lo cual el due\u00f1o de casa no pod\u00eda contrarrestar las opciones.<\/p>\n\n\n\n<p>A\u00fan cuando Bochas intent\u00f3 acercarse en el marcador, El Ceibo sac\u00f3 a relucir un buen temple, nunca se amedrent\u00f3 y cambi\u00f3 la forma de jugar, para terminar sellando un triunfo muy importante.<\/p>\n\n\n\n<p>Otro aspecto positivo para los de Blengini fue la vuelta del base Agust\u00edn Lozano. El experimentado jugador se viene recuperando de una lesi\u00f3n en el codo izquierdo y de a poco va sumando minutos. En una plantilla con pocas fichas mayores, perder un jugador de la talla de Lozano es m\u00e1s trascendental.<\/p>\n\n\n\n<p>Por la misma zona, este s\u00e1bado Atl\u00e9tico Bell recibir\u00e1 a Sportivo Suardi, mientras que 1 de abril Alberdi de Villa Mercedes ser\u00e1 anfitri\u00f3n del \u00ab9\u00bb de Morteros.<\/p>\n\n\n\n<p><strong>Partido demorado<\/strong><\/p>\n\n\n\n<p>El cotejo estaba programado para dar comienzo a las 21 en Colonia Caroya, pero instantes previos al inicio el tablero electr\u00f3nico tuvo problemas y eso hizo que no pueda dar comienzo el juego como estaba estipulado.<\/p>\n\n\n\n<p>En principio la idea de los dirigentes caroyenses fue \u00abmudar\u00bb el partido a otro estadio en la localidad de Jes\u00fas Mar\u00eda, algo que no le permitieron. Tras un tiempo de intenso trabajo, finalmente pasadas las 22 pudo ponerse en acci\u00f3n el cotejo que termin\u00f3 en la madrugada de este s\u00e1bado.<\/p>\n\n\n\n<p><strong>3 x 3<\/strong><\/p>\n\n\n\n<p>En el entretiempo del cotejo tuvo lugar la presentaci\u00f3n del equipo juvenil de b\u00e1squet 3 x 3 de El Ceibo, que venci\u00f3 13 &#8211; 11 a Bochas Sport. El equipo de Colonia Caroya llegaba invicto a este cotejo, mientras que la \u00abFlor Nacional\u00bb hab\u00eda perdido tan solo una vez, justamente frente a este contrincante.<br>Fuente: La Voz Deportiva <\/p>\n","protected":false},"excerpt":{"rendered":"<p>En el comienzo de la segunda ronda de la Zona 2 de la Conferencia Centro, Asociaci\u00f3n El Ceibo<\/p>\n","protected":false},"author":2,"featured_media":11867,"comment_status":"open","ping_status":"open","sticky":false,"template":"","format":"standard","meta":{"footnotes":""},"categories":[1],"tags":[],"class_list":["post-11866","post","type-post","status-publish","format-standard","has-post-thumbnail","hentry","category-sin-categoria"],"_links":{"self":[{"href":"http:\/\/zonade3.com.ar\/blog\/wp-json\/wp\/v2\/posts\/11866","targetHints":{"allow":["GET"]}}],"collection":[{"href":"http:\/\/zonade3.com.ar\/blog\/wp-json\/wp\/v2\/posts"}],"about":[{"href":"http:\/\/zonade3.com.ar\/blog\/wp-json\/wp\/v2\/types\/post"}],"author":[{"embeddable":true,"href":"http:\/\/zonade3.com.ar\/blog\/wp-json\/wp\/v2\/users\/2"}],"replies":[{"embeddable":true,"href":"http:\/\/zonade3.com.ar\/blog\/wp-json\/wp\/v2\/comments?post=11866"}],"version-history":[{"count":1,"href":"http:\/\/zonade3.com.ar\/blog\/wp-json\/wp\/v2\/posts\/11866\/revisions"}],"predecessor-version":[{"id":11868,"href":"http:\/\/zonade3.com.ar\/blog\/wp-json\/wp\/v2\/posts\/11866\/revisions\/11868"}],"wp:featuredmedia":[{"embeddable":true,"href":"http:\/\/zonade3.com.ar\/blog\/wp-json\/wp\/v2\/media\/11867"}],"wp:attachment":[{"href":"http:\/\/zonade3.com.ar\/blog\/wp-json\/wp\/v2\/media?parent=11866"}],"wp:term":[{"taxonomy":"category","embeddable":true,"href":"http:\/\/zonade3.com.ar\/blog\/wp-json\/wp\/v2\/categories?post=11866"},{"taxonomy":"post_tag","embeddable":true,"href":"http:\/\/zonade3.com.ar\/blog\/wp-json\/wp\/v2\/tags?post=11866"}],"curies":[{"name":"wp","href":"https:\/\/api.w.org\/{rel}","templated":true}]}}