{"id":11874,"date":"2023-03-28T12:05:39","date_gmt":"2023-03-28T12:05:39","guid":{"rendered":"http:\/\/zonade3.com.ar.ar\/blog\/?p=11874"},"modified":"2023-03-28T12:05:39","modified_gmt":"2023-03-28T12:05:39","slug":"la-asociacion-de-basquet-de-san-francisco-festejo-su-80-aniversario-%ef%bb%bf","status":"publish","type":"post","link":"http:\/\/zonade3.com.ar\/blog\/la-asociacion-de-basquet-de-san-francisco-festejo-su-80-aniversario-%ef%bb%bf\/","title":{"rendered":"La Asociaci\u00f3n de B\u00e1squet de San Francisco festej\u00f3 su 80\u00b0 aniversario \ufeff"},"content":{"rendered":"\n<p>La entidad que nuclea a todos los clubes de b\u00e1squet de nuestra ciudad y la regi\u00f3n celebr\u00f3 en su sede social los 80 a\u00f1os de vida. Participaron los dirigentes de las diferentes instituciones.<\/p>\n\n\n\n<p>Un 27 de marzo pero de 1943 se firmaba la primera acta y se pon\u00eda en marcha la Asociaci\u00f3n de B\u00e1squet de la ciudad de San Francisco. Es por eso que este lunes se llev\u00f3 a cabo el acto conmemorativo por los 80 a\u00f1os de vida de esta instituci\u00f3n.<\/p>\n\n\n\n<p>Participaron del evento su presidente actual Miguel Aimasso, el Secretario de Gobierno Municipal Rodrigo Buffa, el Director de Deportes Juan Iturburu, y los dirigentes que integran la Asociaci\u00f3n y los diferentes clubes que la conforman.<br><br>En este marco Aimasso expres\u00f3 que \u201cla verdad que es muy lindo haber transitado un camino de muchos a\u00f1os en la Asociaci\u00f3n. Los que estuvimos siempre en las instituciones sabemos que esto es venir para acompa\u00f1ar a los clubes, ellos son realmente el alma del b\u00e1squet. Nosotros somos el nexo con la Federaci\u00f3n pero realmente el aporte grande lo hacen las instituciones\u201d.<\/p>\n\n\n\n<p>Agreg\u00f3 que \u201cesperamos en estos a\u00f1os haber hecho una tarea acorde con lo que son los clubes. El crecimiento de los clubes realmente se ve porque son muy competitivos. Ellos son los que albergan a todos los j\u00f3venes y los desarrollan socialmente como en la parte t\u00e9cnica del b\u00e1squet\u201d.<\/p>\n\n\n\n<p>Por su parte Iturburu remarc\u00f3 que \u201cse el trabajo que hacen los miembros de la Asociaci\u00f3n y los felicito porque no es sencillo llevar adelante una comisi\u00f3n. El trabajo con las instituciones es muy valorable y hacen ese nexo entre los clubes y las federaciones provinciales y nacionales, que no es un trabajo menor\u201d.<\/p>\n\n\n\n<p>Por \u00faltimo Buffa agradeci\u00f3 en nombre del Intendente y expuso que \u201cpersonalmente siento un orgullo muy grande. En los lugares que nos toca hablar de las instituciones de San Francisco siempre estamos muy orgullosos porque demuestran a lo largo de la provincia y la naci\u00f3n el trabajo que hacen para nuestra ciudad. Le agradezco a los clubes el trabajo important\u00edsimo de contenci\u00f3n que hacen con los ni\u00f1os, ni\u00f1as y j\u00f3venes que los cobijan en la pr\u00e1ctica del deporte\u201d.<\/p>\n\n\n\n<p>Este acto fue el puntapi\u00e9 inicial para los festejos por los 80 a\u00f1os con el descubrimiento de una placa en la sede social. Desde las Asociaci\u00f3n de B\u00e1squet confirmaron que a lo largo del a\u00f1o se llevar\u00e1n a cabo diferentes actividades para seguir celebrando.<br>Fuente: DiarioSports<\/p>\n","protected":false},"excerpt":{"rendered":"<p>La entidad que nuclea a todos los clubes de b\u00e1squet de nuestra ciudad y la regi\u00f3n celebr\u00f3 en<\/p>\n","protected":false},"author":2,"featured_media":11875,"comment_status":"open","ping_status":"open","sticky":false,"template":"","format":"standard","meta":{"footnotes":""},"categories":[1],"tags":[],"class_list":["post-11874","post","type-post","status-publish","format-standard","has-post-thumbnail","hentry","category-sin-categoria"],"_links":{"self":[{"href":"http:\/\/zonade3.com.ar\/blog\/wp-json\/wp\/v2\/posts\/11874","targetHints":{"allow":["GET"]}}],"collection":[{"href":"http:\/\/zonade3.com.ar\/blog\/wp-json\/wp\/v2\/posts"}],"about":[{"href":"http:\/\/zonade3.com.ar\/blog\/wp-json\/wp\/v2\/types\/post"}],"author":[{"embeddable":true,"href":"http:\/\/zonade3.com.ar\/blog\/wp-json\/wp\/v2\/users\/2"}],"replies":[{"embeddable":true,"href":"http:\/\/zonade3.com.ar\/blog\/wp-json\/wp\/v2\/comments?post=11874"}],"version-history":[{"count":1,"href":"http:\/\/zonade3.com.ar\/blog\/wp-json\/wp\/v2\/posts\/11874\/revisions"}],"predecessor-version":[{"id":11876,"href":"http:\/\/zonade3.com.ar\/blog\/wp-json\/wp\/v2\/posts\/11874\/revisions\/11876"}],"wp:featuredmedia":[{"embeddable":true,"href":"http:\/\/zonade3.com.ar\/blog\/wp-json\/wp\/v2\/media\/11875"}],"wp:attachment":[{"href":"http:\/\/zonade3.com.ar\/blog\/wp-json\/wp\/v2\/media?parent=11874"}],"wp:term":[{"taxonomy":"category","embeddable":true,"href":"http:\/\/zonade3.com.ar\/blog\/wp-json\/wp\/v2\/categories?post=11874"},{"taxonomy":"post_tag","embeddable":true,"href":"http:\/\/zonade3.com.ar\/blog\/wp-json\/wp\/v2\/tags?post=11874"}],"curies":[{"name":"wp","href":"https:\/\/api.w.org\/{rel}","templated":true}]}}