{"id":11891,"date":"2023-03-31T02:42:58","date_gmt":"2023-03-31T02:42:58","guid":{"rendered":"http:\/\/zonade3.com.ar.ar\/blog\/?p=11891"},"modified":"2023-03-31T02:42:58","modified_gmt":"2023-03-31T02:42:58","slug":"asoc-noroeste-central-logro-un-buen-triunfo-ante-union-y-juventud","status":"publish","type":"post","link":"http:\/\/zonade3.com.ar\/blog\/asoc-noroeste-central-logro-un-buen-triunfo-ante-union-y-juventud\/","title":{"rendered":"Asoc. Noroeste: Central logr\u00f3 un buen triunfo ante Uni\u00f3n y Juventud"},"content":{"rendered":"\n<p>Fue ante Uni\u00f3n y Juventud de Bandera, a partir de un desarrollo emotivo, cambiante, ajustado en las estad\u00edsticas sobre el final y con un alto goleo. El \u00abaurinegro\u00bb gan\u00f3 92-86 y lo edific\u00f3 con una intensa defensa y plagado de juveniles.<br><br>Algo sorpresivo fue el comienzo y m\u00e1s a\u00fan, la conclusi\u00f3n del primer tiempo. Central lo cerr\u00f3 con veinte puntos de ventaja (50-30) y no, porque no lo mereciera. Al contrario, trabaj\u00f3 demasiado y de muy buena manera, pero enfrente hab\u00eda un rival que ven\u00eda de apabullar a Racing de San Crist\u00f3bal en la jornada inaugural.<br><br>Adem\u00e1s y por si fuera poco, estaban en el rect\u00e1ngulo Brahian Buticci y Alejo Crotti, anotaron sesenta puntos entre ambas producciones. Pero los dirigidos por Octavio Uberti desafiaron el momento y con garra estuvieron a la altura.<br>Uni\u00f3n y Juventud acort\u00f3 camino en los n\u00fameros e incluso logr\u00f3 ponerse arriba en el marcador. Pero fueron m\u00e1s certeros los chicos locales en los pasajes decisivos y m\u00e1s all\u00e1 de tener a varios en el \u00abdoble d\u00edgito\u00bb de sus n\u00fameros individuales, el andar colectivo los llev\u00f3 a una importante victoria en el debut.<br><br>S\u00edntesis<br>CENTRAL 92 &#8211; UNI\u00d3N Y JUVENTUD 86<br>Estadio \u00abRa\u00fal Braica\u00bb<br>CENTRAL: Fito (23); Ferraris (2); Mariano Marchiaro (15); Milanesio (14); M\u00e9ndez (18); Lobos (16); Montenegro (2); Matteucci (2); Santiago Rodr\u00edguez; Cravero; Lescano; Trejo. DT: Octavio Uberti.<br>UNI\u00d3N Y JUVENTUD: Buticci (29); Crotti (31); Beggeres; Pigh\u00edn (2); R\u00edos (10); Leonardi (7); Centuri\u00f3n (8); Ru\u00edz; L\u00f3pez; Ganem; D\u00edaz; Marani Su\u00e1rez. DT: Sergio Aispur\u00faa. <br>\u00c1rbitros: Gauna-D\u00edaz (Asociaci\u00f3n Noroeste Santafesino)<br>POSICIONES<br>Atl\u00e9tico Tostado 4 (2-0); Atl\u00e9tico Ceres 3 (1-1); Uni\u00f3n y Juventud 3 (1-1); Central (x) 2 (1-0); Racing (SC) 2 (0-2); San Lorenzo ( T) (x) 1 (0-1).<br>(x) Completan el 16 de abril.<br><br>PR\u00d3XIMA FECHA (3\u00b0) (Viernes 31-03-23)<br>Atl\u00e9tico Ceres vs Racing (SC)<br>Atl\u00e9tico Tostado vs Central<br>Uni\u00f3n y Juventud vs San Lorenzo (T)<br>Fuente-Foto: Adrian Tavella <\/p>\n","protected":false},"excerpt":{"rendered":"<p>Fue ante Uni\u00f3n y Juventud de Bandera, a partir de un desarrollo emotivo, cambiante, ajustado en las estad\u00edsticas<\/p>\n","protected":false},"author":2,"featured_media":11892,"comment_status":"open","ping_status":"open","sticky":false,"template":"","format":"standard","meta":{"footnotes":""},"categories":[1],"tags":[],"class_list":["post-11891","post","type-post","status-publish","format-standard","has-post-thumbnail","hentry","category-sin-categoria"],"_links":{"self":[{"href":"http:\/\/zonade3.com.ar\/blog\/wp-json\/wp\/v2\/posts\/11891","targetHints":{"allow":["GET"]}}],"collection":[{"href":"http:\/\/zonade3.com.ar\/blog\/wp-json\/wp\/v2\/posts"}],"about":[{"href":"http:\/\/zonade3.com.ar\/blog\/wp-json\/wp\/v2\/types\/post"}],"author":[{"embeddable":true,"href":"http:\/\/zonade3.com.ar\/blog\/wp-json\/wp\/v2\/users\/2"}],"replies":[{"embeddable":true,"href":"http:\/\/zonade3.com.ar\/blog\/wp-json\/wp\/v2\/comments?post=11891"}],"version-history":[{"count":1,"href":"http:\/\/zonade3.com.ar\/blog\/wp-json\/wp\/v2\/posts\/11891\/revisions"}],"predecessor-version":[{"id":11893,"href":"http:\/\/zonade3.com.ar\/blog\/wp-json\/wp\/v2\/posts\/11891\/revisions\/11893"}],"wp:featuredmedia":[{"embeddable":true,"href":"http:\/\/zonade3.com.ar\/blog\/wp-json\/wp\/v2\/media\/11892"}],"wp:attachment":[{"href":"http:\/\/zonade3.com.ar\/blog\/wp-json\/wp\/v2\/media?parent=11891"}],"wp:term":[{"taxonomy":"category","embeddable":true,"href":"http:\/\/zonade3.com.ar\/blog\/wp-json\/wp\/v2\/categories?post=11891"},{"taxonomy":"post_tag","embeddable":true,"href":"http:\/\/zonade3.com.ar\/blog\/wp-json\/wp\/v2\/tags?post=11891"}],"curies":[{"name":"wp","href":"https:\/\/api.w.org\/{rel}","templated":true}]}}