{"id":11921,"date":"2023-04-08T11:42:31","date_gmt":"2023-04-08T11:42:31","guid":{"rendered":"http:\/\/zonade3.com.ar.ar\/blog\/?p=11921"},"modified":"2023-04-08T11:42:31","modified_gmt":"2023-04-08T11:42:31","slug":"asoc-noroeste-central-reacciono-y-le-gano-a-racing","status":"publish","type":"post","link":"http:\/\/zonade3.com.ar\/blog\/asoc-noroeste-central-reacciono-y-le-gano-a-racing\/","title":{"rendered":"Asoc. Noroeste: Central reaccion\u00f3 y le gan\u00f3 a Racing"},"content":{"rendered":"\n<p>Despu\u00e9s de un primer tiempo lleno de dudas e impreciso, los dirigidos por Octavio Uberti, dieron vuelta el desarrollo en la etapa complementaria. Actitud defensiva, intensidad ante cada bola y con mejores coordinaciones ofensivas, sostuvieron un cambio rotundo en varios aspectos. En ese marco, Central derrot\u00f3 a Racing de San Crist\u00f3bal 78-66 y alcanz\u00f3 su segundo triunfo en tres presentaciones.<br>Estuvo catorce puntos abajo en el score y en un pasaje del segundo segmento. Se fue al entretiempo perdiendo por nueve puntos (33-42), pero la charla fue profunda en los vestidores y la historia fue diferente.<br>Reaccion\u00f3 a tiempo y r\u00e1pidamente se puso en juego. La visita ya no fue el mismo f\u00edsicamente y el \u00abaurinegro\u00bb lo aprovech\u00f3. El dato trascendente por lo deportivo y tambi\u00e9n en lo emocional, adem\u00e1s del resultado y la valoraci\u00f3n de la victoria, fue la vuelta a la competencia de Mat\u00edas Ruffino.<br><strong>S\u00edntesis<\/strong><br>CENTRAL 78 &#8211; RACING (SC) 66<br>Estadio \u00abRa\u00fal Braica\u00bb<br>CENTRAL: Fito (21); Ferraris; Milanesio (18); Folmer (2); Lobo (17); Mat\u00edas Ruffino (2); Cravero (2); Matteucci (2); Lorenzo Manasero (14); Caro; Trejo; Figueroa. DT: Octavio Uberti.<br>RACING (SC): Avataneo; Descalzo (2); Caula (20); Mackiewicz (22); G\u00f3mez (20); Tiziano Rodr\u00edguez; Rolfo (2); Artigas; Leandro P\u00e9rez; Mussin. DT: Juan Jos\u00e9 Maidana.<br>\u00c1rbitros: Cabrera-Rosina (Asociaci\u00f3n Morterense Basquetbol)<br><strong>La cuarta fecha se completar\u00e1 con los siguientes partidos: San Lorenzo (T) vs Atl\u00e9tico Tostado (12-04) y Uni\u00f3n y Juventud vs Atl\u00e9tico Ceres (14-0<\/strong>4).<br><br>Fuente\/foto: Adrian Tavella Ceres<\/p>\n","protected":false},"excerpt":{"rendered":"<p>Despu\u00e9s de un primer tiempo lleno de dudas e impreciso, los dirigidos por Octavio Uberti, dieron vuelta el<\/p>\n","protected":false},"author":2,"featured_media":11922,"comment_status":"open","ping_status":"open","sticky":false,"template":"","format":"standard","meta":{"footnotes":""},"categories":[1],"tags":[],"class_list":["post-11921","post","type-post","status-publish","format-standard","has-post-thumbnail","hentry","category-sin-categoria"],"_links":{"self":[{"href":"http:\/\/zonade3.com.ar\/blog\/wp-json\/wp\/v2\/posts\/11921","targetHints":{"allow":["GET"]}}],"collection":[{"href":"http:\/\/zonade3.com.ar\/blog\/wp-json\/wp\/v2\/posts"}],"about":[{"href":"http:\/\/zonade3.com.ar\/blog\/wp-json\/wp\/v2\/types\/post"}],"author":[{"embeddable":true,"href":"http:\/\/zonade3.com.ar\/blog\/wp-json\/wp\/v2\/users\/2"}],"replies":[{"embeddable":true,"href":"http:\/\/zonade3.com.ar\/blog\/wp-json\/wp\/v2\/comments?post=11921"}],"version-history":[{"count":1,"href":"http:\/\/zonade3.com.ar\/blog\/wp-json\/wp\/v2\/posts\/11921\/revisions"}],"predecessor-version":[{"id":11923,"href":"http:\/\/zonade3.com.ar\/blog\/wp-json\/wp\/v2\/posts\/11921\/revisions\/11923"}],"wp:featuredmedia":[{"embeddable":true,"href":"http:\/\/zonade3.com.ar\/blog\/wp-json\/wp\/v2\/media\/11922"}],"wp:attachment":[{"href":"http:\/\/zonade3.com.ar\/blog\/wp-json\/wp\/v2\/media?parent=11921"}],"wp:term":[{"taxonomy":"category","embeddable":true,"href":"http:\/\/zonade3.com.ar\/blog\/wp-json\/wp\/v2\/categories?post=11921"},{"taxonomy":"post_tag","embeddable":true,"href":"http:\/\/zonade3.com.ar\/blog\/wp-json\/wp\/v2\/tags?post=11921"}],"curies":[{"name":"wp","href":"https:\/\/api.w.org\/{rel}","templated":true}]}}