{"id":11928,"date":"2023-04-11T03:38:44","date_gmt":"2023-04-11T03:38:44","guid":{"rendered":"http:\/\/zonade3.com.ar.ar\/blog\/?p=11928"},"modified":"2023-04-11T03:38:44","modified_gmt":"2023-04-11T03:38:44","slug":"cesana-y-scandolo-al-argentino-u15-de-selecciones","status":"publish","type":"post","link":"http:\/\/zonade3.com.ar\/blog\/cesana-y-scandolo-al-argentino-u15-de-selecciones\/","title":{"rendered":"Cesana y Scandolo al Argentino U15 de Selecciones"},"content":{"rendered":"\n<p>Emilia Cesana y Julieta Scandolo van al Argentino de Selecciones en Santiago del Estero. Este viernes 14, s\u00e1bado 15 y domingo 16 de abril se juega la fase final del Torneo Argentino de Selecciones, con sede en Santiago del Estero.<\/p>\n\n\n\n<p>Emilia Cesana y Julieta Scandolo viajar\u00e1n all\u00ed para participar de la m\u00e1xima competencia a nivel Federaciones, representando a Centro Social y a la Federaci\u00f3n de Basquet de la Provincia.<br><br>Adem\u00e1s, se desarrollaron en el fin de semana largo nuevos entrenamientos de las Selecciones de B\u00e1squet Femenino de la Provincia de C\u00f3rdoba.<\/p>\n\n\n\n<p>Fue en los Clubes Banda Norte de R\u00edo Cuarto y Sparta de Villa Mar\u00eda, y cont\u00f3 una vez m\u00e1s con presencia rojinegra:<\/p>\n\n\n\n<p>\u2013 U13: Alma Barbero.<br>\u2013 U15: Emilia Cesana y Julieta Scandolo.<br>\u2013 U17: Milagros Grant, Yailex Garza y Martina Valdez como jugadoras, y Germ\u00e1n Giaveno integrando el Cuerpo T\u00e9cnico.<\/p>\n","protected":false},"excerpt":{"rendered":"<p>Emilia Cesana y Julieta Scandolo van al Argentino de Selecciones en Santiago del Estero. Este viernes 14, s\u00e1bado<\/p>\n","protected":false},"author":2,"featured_media":11929,"comment_status":"open","ping_status":"open","sticky":false,"template":"","format":"standard","meta":{"footnotes":""},"categories":[1],"tags":[],"class_list":["post-11928","post","type-post","status-publish","format-standard","has-post-thumbnail","hentry","category-sin-categoria"],"_links":{"self":[{"href":"http:\/\/zonade3.com.ar\/blog\/wp-json\/wp\/v2\/posts\/11928","targetHints":{"allow":["GET"]}}],"collection":[{"href":"http:\/\/zonade3.com.ar\/blog\/wp-json\/wp\/v2\/posts"}],"about":[{"href":"http:\/\/zonade3.com.ar\/blog\/wp-json\/wp\/v2\/types\/post"}],"author":[{"embeddable":true,"href":"http:\/\/zonade3.com.ar\/blog\/wp-json\/wp\/v2\/users\/2"}],"replies":[{"embeddable":true,"href":"http:\/\/zonade3.com.ar\/blog\/wp-json\/wp\/v2\/comments?post=11928"}],"version-history":[{"count":1,"href":"http:\/\/zonade3.com.ar\/blog\/wp-json\/wp\/v2\/posts\/11928\/revisions"}],"predecessor-version":[{"id":11930,"href":"http:\/\/zonade3.com.ar\/blog\/wp-json\/wp\/v2\/posts\/11928\/revisions\/11930"}],"wp:featuredmedia":[{"embeddable":true,"href":"http:\/\/zonade3.com.ar\/blog\/wp-json\/wp\/v2\/media\/11929"}],"wp:attachment":[{"href":"http:\/\/zonade3.com.ar\/blog\/wp-json\/wp\/v2\/media?parent=11928"}],"wp:term":[{"taxonomy":"category","embeddable":true,"href":"http:\/\/zonade3.com.ar\/blog\/wp-json\/wp\/v2\/categories?post=11928"},{"taxonomy":"post_tag","embeddable":true,"href":"http:\/\/zonade3.com.ar\/blog\/wp-json\/wp\/v2\/tags?post=11928"}],"curies":[{"name":"wp","href":"https:\/\/api.w.org\/{rel}","templated":true}]}}