{"id":11931,"date":"2023-04-11T20:26:11","date_gmt":"2023-04-11T20:26:11","guid":{"rendered":"http:\/\/zonade3.com.ar.ar\/blog\/?p=11931"},"modified":"2023-04-11T20:26:11","modified_gmt":"2023-04-11T20:26:11","slug":"asoc-morteros-mamedes-estaria-habilitado-para-jugar-el-apertura","status":"publish","type":"post","link":"http:\/\/zonade3.com.ar\/blog\/asoc-morteros-mamedes-estaria-habilitado-para-jugar-el-apertura\/","title":{"rendered":"Asoc. Morteros: Mamedes estar\u00eda habilitado para jugar el Apertura"},"content":{"rendered":"\n<p>Tras la reuni\u00f3n de los lunes en la Asoc. de Basquetbol de Morteros trascendi\u00f3 el dato que, v\u00eda comunicaci\u00f3n de la CAB, la Federaci\u00f3n de C\u00f3rdoba instaba a la Asoc. Morterense <strong>a habilitar al jugador brasile\u00f1o de Union de San Guillermo, Joao Mamedes.<\/strong><\/p>\n\n\n\n<p>El ente madre del basquetbol argentino considera que el jugador ya est\u00e1 en el sistema GES y por ende, est\u00e1 habilitado para jugar, en contrapartida de aquella votaci\u00f3n mayoritaria de los clubes que decidieron la no inclusi\u00f3n.<\/p>\n\n\n\n<p>Es por eso que los clubes ahora pidieron una notificaci\u00f3n oficial de parte de la CAB para que detalle los argumentos de esta medida, aunque no habr\u00eda mucho margen para revisar la situaci\u00f3n.<\/p>\n\n\n\n<p>Seg\u00fan pudo consultar Zonade3, a algunos dirigentes no les cay\u00f3 bien la comunicaci\u00f3n desde Federaci\u00f3n y CAB porque consideran que la situaci\u00f3n ya se defini\u00f3 internamente y por otra parte, se estaba evaluando la condici\u00f3n de Mamedes para el Torneo Clausura y el resarcimiento economico que pidi\u00f3 Uni\u00f3n. Pero el jugador ya est\u00e1 en el sistema desde la incorporaci\u00f3n misma a las filas del sanguillermino por lo que all\u00ed radica el principal factor para su habilitaci\u00f3n.<br><br>Las informaciones extraoficiales hablan de todo tipo de reacciones ante este panorama, desde pedidos extremos de desafiliaci\u00f3n por el supuesto \u00abpuenteo\u00bb del tema hacia la CAB, de una potencial apelaci\u00f3n o directamente cerrar el tema aqu\u00ed con la incorporacion de Mamedes generando la reglamentaci\u00f3n necesaria para la incorporaci\u00f3n definitiva de extranjeros a la competencia local. <strong>Por otra parte, tambi\u00e9n vuelve a sobrevolar la \u00absupuesta\u00bb intenci\u00f3n de 9 de Freyre de emigrar hacia la Asoc. de San Francisco. <\/strong><\/p>\n","protected":false},"excerpt":{"rendered":"<p>Tras la reuni\u00f3n de los lunes en la Asoc. de Basquetbol de Morteros trascendi\u00f3 el dato que, v\u00eda<\/p>\n","protected":false},"author":2,"featured_media":11932,"comment_status":"open","ping_status":"open","sticky":false,"template":"","format":"standard","meta":{"footnotes":""},"categories":[1],"tags":[],"class_list":["post-11931","post","type-post","status-publish","format-standard","has-post-thumbnail","hentry","category-sin-categoria"],"_links":{"self":[{"href":"http:\/\/zonade3.com.ar\/blog\/wp-json\/wp\/v2\/posts\/11931","targetHints":{"allow":["GET"]}}],"collection":[{"href":"http:\/\/zonade3.com.ar\/blog\/wp-json\/wp\/v2\/posts"}],"about":[{"href":"http:\/\/zonade3.com.ar\/blog\/wp-json\/wp\/v2\/types\/post"}],"author":[{"embeddable":true,"href":"http:\/\/zonade3.com.ar\/blog\/wp-json\/wp\/v2\/users\/2"}],"replies":[{"embeddable":true,"href":"http:\/\/zonade3.com.ar\/blog\/wp-json\/wp\/v2\/comments?post=11931"}],"version-history":[{"count":1,"href":"http:\/\/zonade3.com.ar\/blog\/wp-json\/wp\/v2\/posts\/11931\/revisions"}],"predecessor-version":[{"id":11933,"href":"http:\/\/zonade3.com.ar\/blog\/wp-json\/wp\/v2\/posts\/11931\/revisions\/11933"}],"wp:featuredmedia":[{"embeddable":true,"href":"http:\/\/zonade3.com.ar\/blog\/wp-json\/wp\/v2\/media\/11932"}],"wp:attachment":[{"href":"http:\/\/zonade3.com.ar\/blog\/wp-json\/wp\/v2\/media?parent=11931"}],"wp:term":[{"taxonomy":"category","embeddable":true,"href":"http:\/\/zonade3.com.ar\/blog\/wp-json\/wp\/v2\/categories?post=11931"},{"taxonomy":"post_tag","embeddable":true,"href":"http:\/\/zonade3.com.ar\/blog\/wp-json\/wp\/v2\/tags?post=11931"}],"curies":[{"name":"wp","href":"https:\/\/api.w.org\/{rel}","templated":true}]}}