{"id":11934,"date":"2023-04-12T02:15:08","date_gmt":"2023-04-12T02:15:08","guid":{"rendered":"http:\/\/zonade3.com.ar.ar\/blog\/?p=11934"},"modified":"2023-04-12T02:28:02","modified_gmt":"2023-04-12T02:28:02","slug":"mas-sobre-el-caso-mamedes","status":"publish","type":"post","link":"http:\/\/zonade3.com.ar\/blog\/mas-sobre-el-caso-mamedes\/","title":{"rendered":"Mas sobre el caso Mamedes"},"content":{"rendered":"\n<p>Si bien de los \u00faltimos sucesos se desprende que la CAB considera que Joao Mamedes est\u00e1 en condiciones de jugar para Uni\u00f3n (SG), seg\u00fan pudo averiguar nuestro medio ser\u00eda dif\u00edcil que lleguen los avales para que pueda jugar el compromiso venidero, m\u00e1s si tenemos en cuenta que las comunicaciones fueron de tipo informal a trav\u00e9s de llamados telef\u00f3nicos.<\/p>\n\n\n\n<p>Cabe acotar que primero debe llegar una nota de la Federaci\u00f3n de C\u00f3rdoba detallando que lo habilitan, dando los motivos y la argumentaci\u00f3n del por qu\u00e9 y, por otra parte, esa nota debe estar avalada por la Confederaci\u00f3n Argentina de Basquet.<br><br>Recordemos que la misma Asoc. solicita los fundamentos de la comunicaci\u00f3n a Federaci\u00f3n que lo debe someter a an\u00e1lisis y ese tr\u00e1mite debe ser avalado por la CAB para luego si, devolver la nota rubricada por el ente mayor y de esa manera estar formalmente sellada la incorporaci\u00f3n del brasile\u00f1o a la competencia.<br><br>Este proceso podr\u00eda implicar una demora en el debut oficial del jugador de Uni\u00f3n en el presente torneo.<br><br><\/p>\n","protected":false},"excerpt":{"rendered":"<p>Si bien de los \u00faltimos sucesos se desprende que la CAB considera que Joao Mamedes est\u00e1 en condiciones<\/p>\n","protected":false},"author":2,"featured_media":11935,"comment_status":"open","ping_status":"open","sticky":false,"template":"","format":"standard","meta":{"footnotes":""},"categories":[1],"tags":[],"class_list":["post-11934","post","type-post","status-publish","format-standard","has-post-thumbnail","hentry","category-sin-categoria"],"_links":{"self":[{"href":"http:\/\/zonade3.com.ar\/blog\/wp-json\/wp\/v2\/posts\/11934","targetHints":{"allow":["GET"]}}],"collection":[{"href":"http:\/\/zonade3.com.ar\/blog\/wp-json\/wp\/v2\/posts"}],"about":[{"href":"http:\/\/zonade3.com.ar\/blog\/wp-json\/wp\/v2\/types\/post"}],"author":[{"embeddable":true,"href":"http:\/\/zonade3.com.ar\/blog\/wp-json\/wp\/v2\/users\/2"}],"replies":[{"embeddable":true,"href":"http:\/\/zonade3.com.ar\/blog\/wp-json\/wp\/v2\/comments?post=11934"}],"version-history":[{"count":2,"href":"http:\/\/zonade3.com.ar\/blog\/wp-json\/wp\/v2\/posts\/11934\/revisions"}],"predecessor-version":[{"id":11937,"href":"http:\/\/zonade3.com.ar\/blog\/wp-json\/wp\/v2\/posts\/11934\/revisions\/11937"}],"wp:featuredmedia":[{"embeddable":true,"href":"http:\/\/zonade3.com.ar\/blog\/wp-json\/wp\/v2\/media\/11935"}],"wp:attachment":[{"href":"http:\/\/zonade3.com.ar\/blog\/wp-json\/wp\/v2\/media?parent=11934"}],"wp:term":[{"taxonomy":"category","embeddable":true,"href":"http:\/\/zonade3.com.ar\/blog\/wp-json\/wp\/v2\/categories?post=11934"},{"taxonomy":"post_tag","embeddable":true,"href":"http:\/\/zonade3.com.ar\/blog\/wp-json\/wp\/v2\/tags?post=11934"}],"curies":[{"name":"wp","href":"https:\/\/api.w.org\/{rel}","templated":true}]}}