{"id":11940,"date":"2023-04-13T12:56:18","date_gmt":"2023-04-13T12:56:18","guid":{"rendered":"http:\/\/zonade3.com.ar.ar\/blog\/?p=11940"},"modified":"2023-04-13T12:56:18","modified_gmt":"2023-04-13T12:56:18","slug":"liga-federal-nuevo-triunfo-de-el-ceibo","status":"publish","type":"post","link":"http:\/\/zonade3.com.ar\/blog\/liga-federal-nuevo-triunfo-de-el-ceibo\/","title":{"rendered":"Liga Federal: nuevo triunfo de El Ceibo"},"content":{"rendered":"\n<p>La Asociaci\u00f3n El Ceibo volvi\u00f3 a ganar por la Liga Federal y acumul\u00f3 su quinto triunfo consecutivo en la Zona 2 de la Divisi\u00f3n Centro. La victoria fue como local ante Alberdi (San Luis) por 100 a 91.<\/p>\n\n\n\n<p>Un gran marco de p\u00fablico lleg\u00f3 al Estadio Antonio Cena donde se desarroll\u00f3 un partido din\u00e1mico, aguerrido y \u201cpicado\u201d en cada cuarto.<\/p>\n\n\n\n<p>Luciano Garc\u00eda se fue con 36 puntos en su haber, del otro lado en el equipo de Villa Mercedes Agust\u00edn Mas Delfino cosech\u00f3 22 unidades.<\/p>\n\n\n\n<p>En la fase regular de esta temporada, El Ceibo cay\u00f3 solo dos veces y una de ellas fue en su debut como local; despu\u00e9s de aquel traspi\u00e9 recuper\u00f3 el poder en su propia cancha y madur\u00f3 su propio juego.<\/p>\n\n\n\n<p>Por el lado de Alberdi, esta fue su tercera derrota consecutiva, aunque en este caso disput\u00f3 un buen partido pese a que nunca logr\u00f3 terminar de desenmara\u00f1ar las ideas del local.<\/p>\n\n\n\n<p><strong>S\u00edntesis<\/strong><\/p>\n\n\n\n<p><strong>Asociaci\u00f3n El Ceibo (100).<\/strong>&nbsp;Garc\u00eda 36, Silveira 7, Florito 21, Grosso 6, Caraffa 6 (FI), Zaffetti 0, Vazquez -, Riffle 7, Sauco 17, Fux -, Blengini -, Brezzo -. DT: Eduardo Blengini.<\/p>\n\n\n\n<p><strong>Alberdi (91).&nbsp;<\/strong>Far\u00edas 10, R\u00edos 11, Amoros 14, M\u00e1s Delfino 22, Thorp 2 (FI), Costa 6, Far\u00edas 10, Imaz -, Marillan 20, Blarasin 0, Gentile 6, Stefani -, Sanuni -. DT: Santiago Turri.<\/p>\n\n\n\n<p><strong><em>Parciales.&nbsp;<\/em><\/strong>21\/21; 23\/15; 23\/26; 33\/29.<\/p>\n\n\n\n<p>3\u00d73: El Ceibo 14 \u2013 Alberdi 13.<\/p>\n\n\n\n<p><strong><em>Estadio:&nbsp;<\/em><\/strong>Antonio Cena.<\/p>\n\n\n\n<p>Fuente: Prensa Asociaci\u00f3n El Ceibo.<\/p>\n","protected":false},"excerpt":{"rendered":"<p>La Asociaci\u00f3n El Ceibo volvi\u00f3 a ganar por la Liga Federal y acumul\u00f3 su quinto triunfo consecutivo en<\/p>\n","protected":false},"author":2,"featured_media":10447,"comment_status":"open","ping_status":"open","sticky":false,"template":"","format":"standard","meta":{"footnotes":""},"categories":[1],"tags":[],"class_list":["post-11940","post","type-post","status-publish","format-standard","has-post-thumbnail","hentry","category-sin-categoria"],"_links":{"self":[{"href":"http:\/\/zonade3.com.ar\/blog\/wp-json\/wp\/v2\/posts\/11940","targetHints":{"allow":["GET"]}}],"collection":[{"href":"http:\/\/zonade3.com.ar\/blog\/wp-json\/wp\/v2\/posts"}],"about":[{"href":"http:\/\/zonade3.com.ar\/blog\/wp-json\/wp\/v2\/types\/post"}],"author":[{"embeddable":true,"href":"http:\/\/zonade3.com.ar\/blog\/wp-json\/wp\/v2\/users\/2"}],"replies":[{"embeddable":true,"href":"http:\/\/zonade3.com.ar\/blog\/wp-json\/wp\/v2\/comments?post=11940"}],"version-history":[{"count":1,"href":"http:\/\/zonade3.com.ar\/blog\/wp-json\/wp\/v2\/posts\/11940\/revisions"}],"predecessor-version":[{"id":11941,"href":"http:\/\/zonade3.com.ar\/blog\/wp-json\/wp\/v2\/posts\/11940\/revisions\/11941"}],"wp:featuredmedia":[{"embeddable":true,"href":"http:\/\/zonade3.com.ar\/blog\/wp-json\/wp\/v2\/media\/10447"}],"wp:attachment":[{"href":"http:\/\/zonade3.com.ar\/blog\/wp-json\/wp\/v2\/media?parent=11940"}],"wp:term":[{"taxonomy":"category","embeddable":true,"href":"http:\/\/zonade3.com.ar\/blog\/wp-json\/wp\/v2\/categories?post=11940"},{"taxonomy":"post_tag","embeddable":true,"href":"http:\/\/zonade3.com.ar\/blog\/wp-json\/wp\/v2\/tags?post=11940"}],"curies":[{"name":"wp","href":"https:\/\/api.w.org\/{rel}","templated":true}]}}