{"id":11958,"date":"2023-04-15T13:14:27","date_gmt":"2023-04-15T13:14:27","guid":{"rendered":"http:\/\/zonade3.com.ar.ar\/blog\/?p=11958"},"modified":"2023-04-15T13:14:27","modified_gmt":"2023-04-15T13:14:27","slug":"liga-federal-festejado-triunfo-de-bell-sobre-9-de-julio","status":"publish","type":"post","link":"http:\/\/zonade3.com.ar\/blog\/liga-federal-festejado-triunfo-de-bell-sobre-9-de-julio\/","title":{"rendered":"Liga Federal: Festejado triunfo de Bell sobre 9 de Julio"},"content":{"rendered":"\n<p>El Albinegro venci\u00f3 83 a 66 a 9 de Julio de Morteros en el estadio El\u00edas \u201cTito\u201d Proietti de la ciudad de Bell Ville, sumando un triunfo clave para sus aspiraciones de terminar dentro de los mejores cuatro.<\/p>\n\n\n\n<p>En un duelo de viejos conocidos, Bell hizo mejor las cosas haciendo pesar su poder\u00edo en tiros externos, y mostrando destacados rendimientos individuales. En defensa Bell cumpli\u00f3 una performance de relevancia, ahogando a su rival y logrando deprimir su goleo.<\/p>\n\n\n\n<p>No dej\u00f3 lugar a dudas el local en la presentaci\u00f3n del viernes, recibiendo como recompensa el aplauso del p\u00fablico Albinegro que reconoci\u00f3 una actuaci\u00f3n que mostr\u00f3 pocas fisuras. Poderoso como siempre en ofensiva y riguroso en defensa, Bell, se mostr\u00f3 en una gran versi\u00f3n de equipo, a tono del momento de definici\u00f3n que atraviesa el torneo.<\/p>\n\n\n\n<p>Tras su victoria Bell qued\u00f3 con r\u00e9cord de 5 triunfos y 5 derrotas. Por su parte 9 de Julio presenta un registro de 3 triunfos y 6 derrotas.<\/p>\n\n\n\n<p>S<strong>\u00edntesis:<\/strong><\/p>\n\n\n\n<p>FI Bell (83): Farail (2), Toranzo (14), Calorio (14), J. Ledesma (11), Celador (17). Ingresaron: E Ledesma (2), Copello (20), Musri (3), Aoejda, Proietti, Arango. DT Fernando Aguilar.<\/p>\n\n\n\n<p>FI 9 de Julio de Morteros: Miguel (9), Cagliero (6), Martin (10), Conti (10) Fillol (13). Ingresaron: Ca\u00f1ete (2), Roldan (9), Antonielli (5), Fernandez (2). DT Marcos Farreyra.<\/p>\n\n\n\n<p>Estadio: \u201cTito\u201d Proietti (Bell).<\/p>\n\n\n\n<p>P\u00fablico: 300 espectadores.<\/p>\n\n\n\n<p>3&#215;3: Ganador 9 de julio de Morteros en tiempo extra.<\/p>\n\n\n\n<p>Pr\u00f3xima fecha 9 de Julio de Morteros: Martes 25\/4 ante Asociaci\u00f3n El Ceibo en San Francisco, C\u00f3rdoba.<\/p>\n\n\n\n<p>Fuente:Prensa Atl\u00e9tico y Biblioteca Bell.<\/p>\n","protected":false},"excerpt":{"rendered":"<p>El Albinegro venci\u00f3 83 a 66 a 9 de Julio de Morteros en el estadio El\u00edas \u201cTito\u201d Proietti<\/p>\n","protected":false},"author":2,"featured_media":11959,"comment_status":"open","ping_status":"open","sticky":false,"template":"","format":"standard","meta":{"footnotes":""},"categories":[1],"tags":[],"class_list":["post-11958","post","type-post","status-publish","format-standard","has-post-thumbnail","hentry","category-sin-categoria"],"_links":{"self":[{"href":"http:\/\/zonade3.com.ar\/blog\/wp-json\/wp\/v2\/posts\/11958","targetHints":{"allow":["GET"]}}],"collection":[{"href":"http:\/\/zonade3.com.ar\/blog\/wp-json\/wp\/v2\/posts"}],"about":[{"href":"http:\/\/zonade3.com.ar\/blog\/wp-json\/wp\/v2\/types\/post"}],"author":[{"embeddable":true,"href":"http:\/\/zonade3.com.ar\/blog\/wp-json\/wp\/v2\/users\/2"}],"replies":[{"embeddable":true,"href":"http:\/\/zonade3.com.ar\/blog\/wp-json\/wp\/v2\/comments?post=11958"}],"version-history":[{"count":1,"href":"http:\/\/zonade3.com.ar\/blog\/wp-json\/wp\/v2\/posts\/11958\/revisions"}],"predecessor-version":[{"id":11960,"href":"http:\/\/zonade3.com.ar\/blog\/wp-json\/wp\/v2\/posts\/11958\/revisions\/11960"}],"wp:featuredmedia":[{"embeddable":true,"href":"http:\/\/zonade3.com.ar\/blog\/wp-json\/wp\/v2\/media\/11959"}],"wp:attachment":[{"href":"http:\/\/zonade3.com.ar\/blog\/wp-json\/wp\/v2\/media?parent=11958"}],"wp:term":[{"taxonomy":"category","embeddable":true,"href":"http:\/\/zonade3.com.ar\/blog\/wp-json\/wp\/v2\/categories?post=11958"},{"taxonomy":"post_tag","embeddable":true,"href":"http:\/\/zonade3.com.ar\/blog\/wp-json\/wp\/v2\/tags?post=11958"}],"curies":[{"name":"wp","href":"https:\/\/api.w.org\/{rel}","templated":true}]}}