{"id":11961,"date":"2023-04-16T15:10:50","date_gmt":"2023-04-16T15:10:50","guid":{"rendered":"http:\/\/zonade3.com.ar.ar\/blog\/?p=11961"},"modified":"2023-04-16T15:10:50","modified_gmt":"2023-04-16T15:10:50","slug":"eric-freeman-regreso-a-las-canchas","status":"publish","type":"post","link":"http:\/\/zonade3.com.ar\/blog\/eric-freeman-regreso-a-las-canchas\/","title":{"rendered":"Eric Freeman regres\u00f3 a las canchas"},"content":{"rendered":"\n<p>El norteamericano, de 43 a\u00f1os, que brillara en Tiro Federal de Morteros, volvi\u00f3 a las canchas en Santa Fe despu\u00e9s de duros momentos que hasta lo llevaron a pedir el subsidio IFE.<\/p>\n\n\n\n<p>Eric Freeman es uno de esos extranjeros que lleg\u00f3 a Argentina y ya se qued\u00f3 a vivir. Hace m\u00e1s de 15 a\u00f1os que se encuentra en el pa\u00eds (tiene 43) y pas\u00f3 por una gran cantidad de clubes, pero la pandemia lo complic\u00f3 y fue noticia por haber pedido el IFE que ofrec\u00eda el gobierno argentino como subsidio temporal.<\/p>\n\n\n\n<p>Sin embargo, parece que esos duros momentos quedaron atr\u00e1s y Sanjustino confi\u00f3 en sus servicios para el torneo Dos Orillas de Santa Fe.<\/p>\n\n\n\n<p>\u201cHace mucho estoy en Argentina, tengo documento argentino y soy argentino\u201d cont\u00f3 el a\u00f1o pasado para B\u00e1squet Plus. Adem\u00e1s, agreg\u00f3 que \u201cEn septiembre del 2021 me cort\u00e9 el tend\u00f3n de Aquiles, me operaron en Cinco Saltos, despu\u00e9s estuve un mes con yeso, un mes con bota y despu\u00e9s con la rehabilitaci\u00f3n\u201d.<\/p>\n\n\n\n<p>Despu\u00e9s de un regreso de lesi\u00f3n con El Tribuno en el torneo local de Salta, ahora se encuentra en el Matador, donde lidera la competencia. Es que es el goleador con 17.4 puntos, el de mayor valoraci\u00f3n, con 23.4, el segundo rebotero con 8.4 por juego. Adem\u00e1s, lidera en porcentaje de libres (83.3%), dobles (76.3%).<\/p>\n\n\n\n<p>Una vuelta para un jugador que la pas\u00f3 mal y que ahora vuelve a hacer lo que m\u00e1s disfruta, que es estar dentro de una cancha.<br>Fuente: Diario Uno Santa Fe<\/p>\n","protected":false},"excerpt":{"rendered":"<p>El norteamericano, de 43 a\u00f1os, que brillara en Tiro Federal de Morteros, volvi\u00f3 a las canchas en Santa<\/p>\n","protected":false},"author":2,"featured_media":11962,"comment_status":"open","ping_status":"open","sticky":false,"template":"","format":"standard","meta":{"footnotes":""},"categories":[1],"tags":[],"class_list":["post-11961","post","type-post","status-publish","format-standard","has-post-thumbnail","hentry","category-sin-categoria"],"_links":{"self":[{"href":"http:\/\/zonade3.com.ar\/blog\/wp-json\/wp\/v2\/posts\/11961","targetHints":{"allow":["GET"]}}],"collection":[{"href":"http:\/\/zonade3.com.ar\/blog\/wp-json\/wp\/v2\/posts"}],"about":[{"href":"http:\/\/zonade3.com.ar\/blog\/wp-json\/wp\/v2\/types\/post"}],"author":[{"embeddable":true,"href":"http:\/\/zonade3.com.ar\/blog\/wp-json\/wp\/v2\/users\/2"}],"replies":[{"embeddable":true,"href":"http:\/\/zonade3.com.ar\/blog\/wp-json\/wp\/v2\/comments?post=11961"}],"version-history":[{"count":1,"href":"http:\/\/zonade3.com.ar\/blog\/wp-json\/wp\/v2\/posts\/11961\/revisions"}],"predecessor-version":[{"id":11963,"href":"http:\/\/zonade3.com.ar\/blog\/wp-json\/wp\/v2\/posts\/11961\/revisions\/11963"}],"wp:featuredmedia":[{"embeddable":true,"href":"http:\/\/zonade3.com.ar\/blog\/wp-json\/wp\/v2\/media\/11962"}],"wp:attachment":[{"href":"http:\/\/zonade3.com.ar\/blog\/wp-json\/wp\/v2\/media?parent=11961"}],"wp:term":[{"taxonomy":"category","embeddable":true,"href":"http:\/\/zonade3.com.ar\/blog\/wp-json\/wp\/v2\/categories?post=11961"},{"taxonomy":"post_tag","embeddable":true,"href":"http:\/\/zonade3.com.ar\/blog\/wp-json\/wp\/v2\/tags?post=11961"}],"curies":[{"name":"wp","href":"https:\/\/api.w.org\/{rel}","templated":true}]}}