{"id":12844,"date":"2023-11-01T11:47:55","date_gmt":"2023-11-01T11:47:55","guid":{"rendered":"http:\/\/zonade3.com.ar\/blog\/?p=12844"},"modified":"2023-11-01T11:47:56","modified_gmt":"2023-11-01T11:47:56","slug":"asoc-noroeste-central-lo-gano-sobre-la-bocina-final","status":"publish","type":"post","link":"http:\/\/zonade3.com.ar\/blog\/asoc-noroeste-central-lo-gano-sobre-la-bocina-final\/","title":{"rendered":"Asoc. Noroeste: Central lo gan\u00f3 sobre la bocina final"},"content":{"rendered":"\n<p>Con un triple de P\u00e9rez Douthat sobre la chicharra, el \u00abaurinegro\u00bb sum\u00f3 una victoria resonante y ante el l\u00edder de las posiciones. Central le gan\u00f3 a Atl\u00e9tico Tostado 84-83 y dentro de un tr\u00e1mite electrizante.<br><br>Intenso, disputado, por varios pasajes bien jugado e incierto estad\u00edsticamente hasta el final. Parec\u00eda cerrarlo sin sobresaltos el equipo tostadense, pero la reacci\u00f3n de los dirigidos por S\u00e1nchez lo revirti\u00f3 y grit\u00f3 un triunfo impactante.<br><br>S\u00edntesis<br>CENTRAL 84 &#8211; ATL\u00c9TICO TOSTADO 83<br>Estadio \u00abRa\u00fal Braica\u00bb<br>CENTRAL: Amaya (13); Canav\u00f3 (8); Morales (23); P\u00e9rez Douthat (24); Bautista Manasero (2); Milanesio (4); Matteucci; Montenegro (1); Ferreris (2); Mariano Marchiaro (7); Lescano; Lauxmann. DT: Manuel S\u00e1nchez.<br>ATL\u00c9TICO TOSTADO: Parola (29); Natta (16); Espeche (20); Morard (12); Santucho; Abdala (4); Canis (2); Carignano; Andrada; Romero; Defag\u00f3. DT: Enrique Lancellotti.<\/p>\n\n\n\n<p>\u00c1rbitros: Gauna-Far\u00edas (Asociaci\u00f3n Noroeste Santafesino)<br><br>POSICIONES<\/p>\n\n\n\n<p>Atl\u00e9tico Tostado (x) 16 (7-2); Uni\u00f3n y Juventud (x) 15 (6-3); San Lorenzo (T) (x) 13 (4-5); Central (x) 13 (4-5); Atl\u00e9tico Ceres (xx) 12 (4-4); Racing (SC) 12 (2-8).<\/p>\n\n\n\n<p>(x) Tienen un partido pendiente.<br>(xx) Tiene dos partidos pendientes.<br><br>Fuente: Adrian Tavella <\/p>\n","protected":false},"excerpt":{"rendered":"<p>Con un triple de P\u00e9rez Douthat sobre la chicharra, el \u00abaurinegro\u00bb sum\u00f3 una victoria resonante y ante el<\/p>\n","protected":false},"author":2,"featured_media":12141,"comment_status":"open","ping_status":"open","sticky":false,"template":"","format":"standard","meta":{"footnotes":""},"categories":[1],"tags":[],"class_list":["post-12844","post","type-post","status-publish","format-standard","has-post-thumbnail","hentry","category-sin-categoria"],"_links":{"self":[{"href":"http:\/\/zonade3.com.ar\/blog\/wp-json\/wp\/v2\/posts\/12844","targetHints":{"allow":["GET"]}}],"collection":[{"href":"http:\/\/zonade3.com.ar\/blog\/wp-json\/wp\/v2\/posts"}],"about":[{"href":"http:\/\/zonade3.com.ar\/blog\/wp-json\/wp\/v2\/types\/post"}],"author":[{"embeddable":true,"href":"http:\/\/zonade3.com.ar\/blog\/wp-json\/wp\/v2\/users\/2"}],"replies":[{"embeddable":true,"href":"http:\/\/zonade3.com.ar\/blog\/wp-json\/wp\/v2\/comments?post=12844"}],"version-history":[{"count":1,"href":"http:\/\/zonade3.com.ar\/blog\/wp-json\/wp\/v2\/posts\/12844\/revisions"}],"predecessor-version":[{"id":12845,"href":"http:\/\/zonade3.com.ar\/blog\/wp-json\/wp\/v2\/posts\/12844\/revisions\/12845"}],"wp:featuredmedia":[{"embeddable":true,"href":"http:\/\/zonade3.com.ar\/blog\/wp-json\/wp\/v2\/media\/12141"}],"wp:attachment":[{"href":"http:\/\/zonade3.com.ar\/blog\/wp-json\/wp\/v2\/media?parent=12844"}],"wp:term":[{"taxonomy":"category","embeddable":true,"href":"http:\/\/zonade3.com.ar\/blog\/wp-json\/wp\/v2\/categories?post=12844"},{"taxonomy":"post_tag","embeddable":true,"href":"http:\/\/zonade3.com.ar\/blog\/wp-json\/wp\/v2\/tags?post=12844"}],"curies":[{"name":"wp","href":"https:\/\/api.w.org\/{rel}","templated":true}]}}