{"id":12930,"date":"2023-11-17T21:14:43","date_gmt":"2023-11-17T21:14:43","guid":{"rendered":"http:\/\/zonade3.com.ar\/blog\/?p=12930"},"modified":"2023-11-17T21:14:44","modified_gmt":"2023-11-17T21:14:44","slug":"la-puja-cab-fbpsf-un-conflicto-sin-fin","status":"publish","type":"post","link":"http:\/\/zonade3.com.ar\/blog\/la-puja-cab-fbpsf-un-conflicto-sin-fin\/","title":{"rendered":"La puja CAB &#8211; FBPSF, un conflicto sin fin"},"content":{"rendered":"\n<p>La Confederaci\u00f3n Argentina de B\u00e1squet (CAB) envi\u00f3 una intimaci\u00f3n a la Federaci\u00f3n Santafesina, a quien considera que no cumpli\u00f3 jam\u00e1s los requisitos solicitados. En ese marco, volvi\u00f3 a refrendar fechas importantes a tener en cuenta para regularizar su situaci\u00f3n, abonar las deudas y llamar a elecci\u00f3n en 2024.<\/p>\n\n\n\n<p>A continuaci\u00f3n, la nota completa que lleva la firma del presidente Sergio Gatti y el secretario Santiago Losada.<\/p>\n\n\n\n<p>Nos dirigimos a Ustedes en respuesta a vuestra nota de fecha 9 de noviembre del corriente.<\/p>\n\n\n\n<p>Al respecto lamentamos vuestra constante renuencia a cumplimentar con los requisitos solicitados por esta Comisi\u00f3n Directiva en su reuni\u00f3n del pasado 25 de octubre de 2023, que son los mismos que desde hace m\u00e1s de tres a\u00f1os se le vienen peticionado.<\/p>\n\n\n\n<p>Desde nuestra entidad no comprendemos vuestro constante esp\u00edritu confrontativo, cuando lo \u00fanico que se pretende es que vuestra Federaci\u00f3n se sume al resto de las afiliadas que d\u00eda a d\u00eda trabajan mancomunadamente por el desarrollo del b\u00e1squetbol nacional.<\/p>\n\n\n\n<p>Todas las afiliadas han cumplido lo que constantemente le solicitamos a vuestra entidad sin condicionamientos.<\/p>\n\n\n\n<p>Vuestra injustificada ausencia a la reuni\u00f3n que fuera convocada conjuntamente con las asociaciones y clubes afiliados a vuestra entidad ten\u00eda un solo tema y era por el cual fue convocada: \u201cSITUACI\u00d3N PROVINCIA DE SANTA FE\u201d. Es decir que ese era el orden del d\u00eda. Sospechamos que vuestra nota del d\u00eda 01 de noviembre del corriente era otra excusa, otra maniobra que busca entorpecer la normalizaci\u00f3n de vuestra entidad ante este ente Confederativo.<\/p>\n\n\n\n<p>La Federaci\u00f3n hoy en d\u00eda no se encuentra sancionada. Sin embargo, no efect\u00faa presentaci\u00f3n alguna para regularizarse. Ello causa graves perjuicios a nuestra entidad, ya que, por vuestra constante renuencia en cumplimentar con la registraci\u00f3n de vuestros jugadores y jugadores, demoran el calendario nacional correspondiente al a\u00f1o 2024.<\/p>\n\n\n\n<p>Las fechas que se han fijado en el cronograma no son caprichosas. Es fundamental que, si vuestra Federaci\u00f3n quiere participar del calendario nacional, se registre en los sistemas y utilice las planillas electr\u00f3nicas del sistema GES DEPORTIVA.<\/p>\n\n\n\n<p>Previo al mes de enero de 2024 se debe capacitar a todos los clubes en la utilizaci\u00f3n de los sistemas, aplicativos y dem\u00e1s herramientas.<\/p>\n\n\n\n<p>No entendemos vuestra constante negativa, cuando la afiliaci\u00f3n a nuestra Confederaci\u00f3n no le es obligatorio. Todo lo contrario. Si no quiere adherirse a nuestros estatutos y dem\u00e1s reglamentaciones, tranquilamente puede renunciar a su afiliaci\u00f3n. Eso s\u00ed, si quiere formar parte de esta entidad, deber\u00e1 cumplir con todos y cada uno de los requisitos que el resto de las afiliadas. No hay afiliaciones a medida.<\/p>\n\n\n\n<p>Adentr\u00e1ndonos a los t\u00e9rminos de vuestra nota, se le exhorta a cumplir con el cronograma fijado por esta Comisi\u00f3n Directiva en su reuni\u00f3n de fecha 25\/10\/23.<br>Asimismo, deber\u00e1 cumplimentar el resto del cronograma, a saber:<br>17\/11\/23. Desistir de todas las denuncias en contra de CAB. Por segunda vez, se le insta a efectuar el desistimiento de las denuncias, a efectos de reencausar las relaciones entre ambas Instituciones y demostrar con hechos concretos que vuestro deseo es sumarse a esta entidad en forma plena, sin condicionamientos y acatando la normativa que emana de FIBA y de la Confederaci\u00f3n.<br>1\/12\/23. Designaciones de los dos responsables del \u00e1rea de g\u00e9nero de la Federaci\u00f3n, debidamente capacitados por CAB. Deber\u00e1 designar al menos un responsable del g\u00e9nero femenino, raz\u00f3n por la cual se rechaza vuestra propuesta.<br>Registraci\u00f3n de la totalidad de los jugadores y jugadoras de la Federaci\u00f3n. Sin perjuicio de lo expresado en vuestra nota, se mantiene la fecha m\u00e1xima para el cumplimiento de la registraci\u00f3n el pr\u00f3ximo 1 de diciembre de 2023.<br>20\/12\/23. Adecuaci\u00f3n del estatuto. Se ha remitido dictamen del Departamento de legales, en cuanto deber\u00e1 reformular la adecuaci\u00f3n en los art\u00edculos 4 inciso f), 22 inciso h), 32, 34, 38, 43, 69 y agregar cl\u00e1usula transitoria que las autoridades vigentes vencen su mandato el 30 de septiembre de 2027. En anexo se remiten las modificaciones que deber\u00e1n realizarse a efectos de cumplimentar con la adecuaci\u00f3n.<br>30\/12\/23. Cancelaci\u00f3n del estado de deuda con CAB. Al respecto se le informa que actualmente la Federaci\u00f3n mantiene una deuda de $ 480.000 en concepto de arancel de afiliaci\u00f3n (a\u00f1os 2020\/21\/22\/23) y la suma de $ 182.560.000 en concepto de aranceles CAB (a\u00f1os 2020\/21\/22\/23 a raz\u00f3n de 9128 jugadores\/as seg\u00fan se desprende de la \u00faltima registraci\u00f3n de jugadores\/as vuestra entidad. Estos montos podr\u00e1n incrementarse una vez que complete con la registraci\u00f3n solicitada con vencimiento 01\/12\/23.<br>15\/03\/24. Elecci\u00f3n de autoridades con estatuto adecuado con vencimiento de mandato el d\u00eda 30 de septiembre de 2027.<\/p>\n\n\n\n<p>Dejamos claramente expresado que esta Confederaci\u00f3n no tolerar\u00e1 nuevas dilaciones, ya que llevamos m\u00e1s de tres a\u00f1os buscando que cumpla con todos los requisitos que han satisfecho el resto de las 24 afiliadas.<\/p>\n\n\n\n<p>Se le insta a reflexionar y sumarse al trabajo del resto si ese es su deseo. Es hora de una definici\u00f3n.<\/p>\n\n\n\n<p>En caso de incumplimiento, se adoptar\u00e1n las sanciones reglamentarias establecidas en el C\u00f3digo de Penas CAB y\/o estatutarias que pudieran corresponden.<\/p>\n\n\n\n<p>Fuente: Marca Personal Web<\/p>\n","protected":false},"excerpt":{"rendered":"<p>La Confederaci\u00f3n Argentina de B\u00e1squet (CAB) envi\u00f3 una intimaci\u00f3n a la Federaci\u00f3n Santafesina, a quien considera que no<\/p>\n","protected":false},"author":2,"featured_media":12717,"comment_status":"open","ping_status":"open","sticky":false,"template":"","format":"standard","meta":{"footnotes":""},"categories":[1],"tags":[],"class_list":["post-12930","post","type-post","status-publish","format-standard","has-post-thumbnail","hentry","category-sin-categoria"],"_links":{"self":[{"href":"http:\/\/zonade3.com.ar\/blog\/wp-json\/wp\/v2\/posts\/12930","targetHints":{"allow":["GET"]}}],"collection":[{"href":"http:\/\/zonade3.com.ar\/blog\/wp-json\/wp\/v2\/posts"}],"about":[{"href":"http:\/\/zonade3.com.ar\/blog\/wp-json\/wp\/v2\/types\/post"}],"author":[{"embeddable":true,"href":"http:\/\/zonade3.com.ar\/blog\/wp-json\/wp\/v2\/users\/2"}],"replies":[{"embeddable":true,"href":"http:\/\/zonade3.com.ar\/blog\/wp-json\/wp\/v2\/comments?post=12930"}],"version-history":[{"count":1,"href":"http:\/\/zonade3.com.ar\/blog\/wp-json\/wp\/v2\/posts\/12930\/revisions"}],"predecessor-version":[{"id":12931,"href":"http:\/\/zonade3.com.ar\/blog\/wp-json\/wp\/v2\/posts\/12930\/revisions\/12931"}],"wp:featuredmedia":[{"embeddable":true,"href":"http:\/\/zonade3.com.ar\/blog\/wp-json\/wp\/v2\/media\/12717"}],"wp:attachment":[{"href":"http:\/\/zonade3.com.ar\/blog\/wp-json\/wp\/v2\/media?parent=12930"}],"wp:term":[{"taxonomy":"category","embeddable":true,"href":"http:\/\/zonade3.com.ar\/blog\/wp-json\/wp\/v2\/categories?post=12930"},{"taxonomy":"post_tag","embeddable":true,"href":"http:\/\/zonade3.com.ar\/blog\/wp-json\/wp\/v2\/tags?post=12930"}],"curies":[{"name":"wp","href":"https:\/\/api.w.org\/{rel}","templated":true}]}}