{"id":13227,"date":"2024-01-21T14:09:35","date_gmt":"2024-01-21T14:09:35","guid":{"rendered":"http:\/\/zonade3.com.ar\/blog\/?p=13227"},"modified":"2024-01-21T14:09:36","modified_gmt":"2024-01-21T14:09:36","slug":"gustavo-boretti-un-ano-mas-al-frente-de-san-jorge-de-brinkmann","status":"publish","type":"post","link":"http:\/\/zonade3.com.ar\/blog\/gustavo-boretti-un-ano-mas-al-frente-de-san-jorge-de-brinkmann\/","title":{"rendered":"Gustavo Boretti, un a\u00f1o mas al frente de San Jorge de Brinkmann"},"content":{"rendered":"\n<p>La dirigencia del club \u00abSanto\u00bb hizo oficial la continuidad de Gustavo Boretti, al mando del plantel mayor. El cuerpo t\u00e9cnico estar\u00e1 compuesto por el Profe Dario Borre en la asistencia t\u00e9cnica y la preparaci\u00f3n f\u00edsica este a\u00f1o estar\u00e1 a cargo del Profesor Gaston Tiranti quien a su vez se hace cargo de toda la coordinaci\u00f3n del b\u00e1squet santo.<\/p>\n\n\n\n<p>En cuanto al equipo para afrontar esta temporada, informamos con mucha alegr\u00eda la continuidad de todos los jugadores, sin altas y sin bajas, con el orgullo de contar un a\u00f1o mas con este plantel con pertenencia, bien nuestro de ra\u00edces santas.<\/p>\n\n\n\n<p>La pretemporada de todas las categor\u00edas inician el lunes 29 de enero.<\/p>\n","protected":false},"excerpt":{"rendered":"<p>La dirigencia del club \u00abSanto\u00bb hizo oficial la continuidad de Gustavo Boretti, al mando del plantel mayor. El<\/p>\n","protected":false},"author":2,"featured_media":13228,"comment_status":"open","ping_status":"open","sticky":false,"template":"","format":"standard","meta":{"footnotes":""},"categories":[6],"tags":[],"class_list":["post-13227","post","type-post","status-publish","format-standard","has-post-thumbnail","hentry","category-asoc-morteros"],"_links":{"self":[{"href":"http:\/\/zonade3.com.ar\/blog\/wp-json\/wp\/v2\/posts\/13227","targetHints":{"allow":["GET"]}}],"collection":[{"href":"http:\/\/zonade3.com.ar\/blog\/wp-json\/wp\/v2\/posts"}],"about":[{"href":"http:\/\/zonade3.com.ar\/blog\/wp-json\/wp\/v2\/types\/post"}],"author":[{"embeddable":true,"href":"http:\/\/zonade3.com.ar\/blog\/wp-json\/wp\/v2\/users\/2"}],"replies":[{"embeddable":true,"href":"http:\/\/zonade3.com.ar\/blog\/wp-json\/wp\/v2\/comments?post=13227"}],"version-history":[{"count":1,"href":"http:\/\/zonade3.com.ar\/blog\/wp-json\/wp\/v2\/posts\/13227\/revisions"}],"predecessor-version":[{"id":13229,"href":"http:\/\/zonade3.com.ar\/blog\/wp-json\/wp\/v2\/posts\/13227\/revisions\/13229"}],"wp:featuredmedia":[{"embeddable":true,"href":"http:\/\/zonade3.com.ar\/blog\/wp-json\/wp\/v2\/media\/13228"}],"wp:attachment":[{"href":"http:\/\/zonade3.com.ar\/blog\/wp-json\/wp\/v2\/media?parent=13227"}],"wp:term":[{"taxonomy":"category","embeddable":true,"href":"http:\/\/zonade3.com.ar\/blog\/wp-json\/wp\/v2\/categories?post=13227"},{"taxonomy":"post_tag","embeddable":true,"href":"http:\/\/zonade3.com.ar\/blog\/wp-json\/wp\/v2\/tags?post=13227"}],"curies":[{"name":"wp","href":"https:\/\/api.w.org\/{rel}","templated":true}]}}