{"id":13882,"date":"2024-06-03T03:36:07","date_gmt":"2024-06-03T03:36:07","guid":{"rendered":"http:\/\/zonade3.com.ar\/blog\/?p=13882"},"modified":"2024-06-03T03:36:08","modified_gmt":"2024-06-03T03:36:08","slug":"roberto-monti-renuncio-a-la-federacion-de-santa-fe","status":"publish","type":"post","link":"http:\/\/zonade3.com.ar\/blog\/roberto-monti-renuncio-a-la-federacion-de-santa-fe\/","title":{"rendered":"Roberto Monti renunci\u00f3 a la Federaci\u00f3n de Santa Fe"},"content":{"rendered":"\n<p>La Federaci\u00f3n de B\u00e1squetbol de la Provincia de Santa Fe comunica que el pasado s\u00e1bado 1 de junio a las 15 se llev\u00f3 a cabo en su sede de Rosario en Moreno 467 la Asamblea Ordinaria, en la cual, a pedido de los delegados presentes se pas\u00f3 a un cuarto intermedio hasta el pr\u00f3ximo 15 del corriente a la misma hora y en el mismo lugar. Santa Fe es una de las pocas federaciones que fervientemente se han opuesto a la impronta Borro. <\/p>\n\n\n\n<p>Luego de la misma <strong>presentaron su renuncia a sus respectivos cargos el presidente Roberto Monti, el secretario Cristian Chantiri y el vocal titular, el ceresino Juan Manuel Costamagna.<\/strong><\/p>\n\n\n\n<p>En el escrito de su renuncia, el dirigente apunt\u00f3 contra Fabi\u00e1n Borro, actual presidente de FIBA Am\u00e9rica, denunciando que \u00abdirige desde las sombras la CAB, ADC y FEBAMBA y con el aval de dirigentes obsecuentes de las Federaciones afiliadas a la CAB consigui\u00f3 en la \u00faltima Asamblea de la CAB, que \u00e9sta resolviera, nuevamente en forma arbitraria e injusta, la exclusi\u00f3n de nuestra FBPSF, desconociendo con esta conducta las resoluciones de la Justicia que en dos oportunidades RESOLVIERON que la CAB deb\u00eda REINCORPORAR a la FBPSF y discrimin\u00e1ndonos en el trato respecto a otras Federaciones en situaciones similares\u00bb.<br><br>Adem\u00e1s fustig\u00f3 que \u00ablas consecuencias y resultados de la gesti\u00f3n de la CAB, desde que comenz\u00f3 la conducci\u00f3n de Borro y hasta la actualidad son lamentables, tanto en lo institucional, deportivo y econ\u00f3mico. En el aspecto deportivo, nos quedamos afuera del Campeonato Mundial, nos quedamos afuera de los Juegos Ol\u00edmpicos; perdimos en las ventanas con la Selecci\u00f3n de Chile, (hecho in\u00e9dito); no se organizan m\u00e1s lo campeonatos argentinos, las competencias nacionales son lamentables; ya lo manifestaron anteriormente Scola y Nocioni y ahora Campazzo \u201cla Liga Nacional no tiene el nivel de hace algunos a\u00f1os\u201d.<\/p>\n","protected":false},"excerpt":{"rendered":"<p>La Federaci\u00f3n de B\u00e1squetbol de la Provincia de Santa Fe comunica que el pasado s\u00e1bado 1 de junio<\/p>\n","protected":false},"author":2,"featured_media":9512,"comment_status":"open","ping_status":"open","sticky":false,"template":"","format":"standard","meta":{"footnotes":""},"categories":[1],"tags":[],"class_list":["post-13882","post","type-post","status-publish","format-standard","has-post-thumbnail","hentry","category-sin-categoria"],"_links":{"self":[{"href":"http:\/\/zonade3.com.ar\/blog\/wp-json\/wp\/v2\/posts\/13882","targetHints":{"allow":["GET"]}}],"collection":[{"href":"http:\/\/zonade3.com.ar\/blog\/wp-json\/wp\/v2\/posts"}],"about":[{"href":"http:\/\/zonade3.com.ar\/blog\/wp-json\/wp\/v2\/types\/post"}],"author":[{"embeddable":true,"href":"http:\/\/zonade3.com.ar\/blog\/wp-json\/wp\/v2\/users\/2"}],"replies":[{"embeddable":true,"href":"http:\/\/zonade3.com.ar\/blog\/wp-json\/wp\/v2\/comments?post=13882"}],"version-history":[{"count":1,"href":"http:\/\/zonade3.com.ar\/blog\/wp-json\/wp\/v2\/posts\/13882\/revisions"}],"predecessor-version":[{"id":13883,"href":"http:\/\/zonade3.com.ar\/blog\/wp-json\/wp\/v2\/posts\/13882\/revisions\/13883"}],"wp:featuredmedia":[{"embeddable":true,"href":"http:\/\/zonade3.com.ar\/blog\/wp-json\/wp\/v2\/media\/9512"}],"wp:attachment":[{"href":"http:\/\/zonade3.com.ar\/blog\/wp-json\/wp\/v2\/media?parent=13882"}],"wp:term":[{"taxonomy":"category","embeddable":true,"href":"http:\/\/zonade3.com.ar\/blog\/wp-json\/wp\/v2\/categories?post=13882"},{"taxonomy":"post_tag","embeddable":true,"href":"http:\/\/zonade3.com.ar\/blog\/wp-json\/wp\/v2\/tags?post=13882"}],"curies":[{"name":"wp","href":"https:\/\/api.w.org\/{rel}","templated":true}]}}