{"id":13962,"date":"2024-06-15T23:21:21","date_gmt":"2024-06-15T23:21:21","guid":{"rendered":"http:\/\/zonade3.com.ar\/blog\/?p=13962"},"modified":"2024-06-15T23:21:22","modified_gmt":"2024-06-15T23:21:22","slug":"santiago-calderon-al-basquet-boliviano","status":"publish","type":"post","link":"http:\/\/zonade3.com.ar\/blog\/santiago-calderon-al-basquet-boliviano\/","title":{"rendered":"Santiago Calder\u00f3n al b\u00e1squet boliviano"},"content":{"rendered":"\n<p>Santiago Calder\u00f3n firm\u00f3 con Tarija Basquet y jugar\u00e1 por primera vez fuera del pa\u00eds haciendo su debut internacional en su carrera en la Liga Boliviana de B\u00e1squetbol.<br><br>Este es el m\u00e1ximo torneo de baloncesto de clubes en Bolivia. El torneo es organizado por la Federaci\u00f3n Boliviana de B\u00e1squetbol y el campe\u00f3n clasifica a la Liga Sudamericana de Clubes.<\/p>\n\n\n\n<p>La Federaci\u00f3n Boliviana de B\u00e1squetbol cre\u00f3 la marca Libob\u00e1squet en un Concejo Superior un 24 de agosto de 2013 y su primera edici\u00f3n se jug\u00f3 desde el mes de marzo del a\u00f1o 2014.2\u200b<\/p>\n\n\n\n<p>Santiago Calder\u00f3n viene de ser protagonista de una temporada exitosa con Club Sportivo Suardi llegando a la final de conferencia Norte. De esta manera, Andr\u00e9s Poi ya no podr\u00e1 contar con los servicios del base en lo resta del Torne Apertura de la Asoc. Morteros. <\/p>\n","protected":false},"excerpt":{"rendered":"<p>Santiago Calder\u00f3n firm\u00f3 con Tarija Basquet y jugar\u00e1 por primera vez fuera del pa\u00eds haciendo su debut internacional<\/p>\n","protected":false},"author":2,"featured_media":13923,"comment_status":"open","ping_status":"open","sticky":false,"template":"","format":"standard","meta":{"footnotes":""},"categories":[13],"tags":[],"class_list":["post-13962","post","type-post","status-publish","format-standard","has-post-thumbnail","hentry","category-internacionales"],"_links":{"self":[{"href":"http:\/\/zonade3.com.ar\/blog\/wp-json\/wp\/v2\/posts\/13962","targetHints":{"allow":["GET"]}}],"collection":[{"href":"http:\/\/zonade3.com.ar\/blog\/wp-json\/wp\/v2\/posts"}],"about":[{"href":"http:\/\/zonade3.com.ar\/blog\/wp-json\/wp\/v2\/types\/post"}],"author":[{"embeddable":true,"href":"http:\/\/zonade3.com.ar\/blog\/wp-json\/wp\/v2\/users\/2"}],"replies":[{"embeddable":true,"href":"http:\/\/zonade3.com.ar\/blog\/wp-json\/wp\/v2\/comments?post=13962"}],"version-history":[{"count":1,"href":"http:\/\/zonade3.com.ar\/blog\/wp-json\/wp\/v2\/posts\/13962\/revisions"}],"predecessor-version":[{"id":13963,"href":"http:\/\/zonade3.com.ar\/blog\/wp-json\/wp\/v2\/posts\/13962\/revisions\/13963"}],"wp:featuredmedia":[{"embeddable":true,"href":"http:\/\/zonade3.com.ar\/blog\/wp-json\/wp\/v2\/media\/13923"}],"wp:attachment":[{"href":"http:\/\/zonade3.com.ar\/blog\/wp-json\/wp\/v2\/media?parent=13962"}],"wp:term":[{"taxonomy":"category","embeddable":true,"href":"http:\/\/zonade3.com.ar\/blog\/wp-json\/wp\/v2\/categories?post=13962"},{"taxonomy":"post_tag","embeddable":true,"href":"http:\/\/zonade3.com.ar\/blog\/wp-json\/wp\/v2\/tags?post=13962"}],"curies":[{"name":"wp","href":"https:\/\/api.w.org\/{rel}","templated":true}]}}