{"id":14186,"date":"2024-07-29T02:01:47","date_gmt":"2024-07-29T02:01:47","guid":{"rendered":"http:\/\/zonade3.com.ar\/blog\/?p=14186"},"modified":"2024-07-29T02:01:49","modified_gmt":"2024-07-29T02:01:49","slug":"liga-provincial-u17-centro-cayo-en-la-final-con-bolivar","status":"publish","type":"post","link":"http:\/\/zonade3.com.ar\/blog\/liga-provincial-u17-centro-cayo-en-la-final-con-bolivar\/","title":{"rendered":"Liga Provincial U17: Centro cay\u00f3 en la final con Bol\u00edvar"},"content":{"rendered":"\n<p>El equipo de Bol\u00edvar venci\u00f3 a Centro Social de Brinkmann (53-44) en la gran final del S6 y se coron\u00f3 campe\u00f3n provincial. Abi Sosa de Bol\u00edvar fue elegida MVP de la final.<br><br>Ambas instituciones ganaron sus boletos para la Liga Federal Formativa. Desde la organizaci\u00f3n felicitaron a los seis equipos participantes que compitieron y disfrutaron en la cancha jugando.<br><br>&#x2b50;&#xfe0f; SP. BOL\u00cdVAR (Carlos Paz)<br>&#x2b50;&#xfe0f; CENTRO SOCIAL (Brinkmann)<br>&#x2b50;&#xfe0f; AMEGHINO (Villa Mar\u00eda)<br>&#x2b50;&#xfe0f;HIND\u00da CLUB (Cba)<br>&#x2b50;&#xfe0f;INSTITUTO (Cba)<br>&#x2b50;&#xfe0f;SPARTA (Villa Mar\u00eda)<br><br>El evento tuvo lugar en el club Sportivo Bol\u00edvar de C. Paz destac\u00e1ndose el alto nivel organizativo en la villa serrana. <\/p>\n","protected":false},"excerpt":{"rendered":"<p>El equipo de Bol\u00edvar venci\u00f3 a Centro Social de Brinkmann (53-44) en la gran final del S6 y<\/p>\n","protected":false},"author":2,"featured_media":14187,"comment_status":"open","ping_status":"open","sticky":false,"template":"","format":"standard","meta":{"footnotes":""},"categories":[4],"tags":[],"class_list":["post-14186","post","type-post","status-publish","format-standard","has-post-thumbnail","hentry","category-federativas"],"_links":{"self":[{"href":"http:\/\/zonade3.com.ar\/blog\/wp-json\/wp\/v2\/posts\/14186","targetHints":{"allow":["GET"]}}],"collection":[{"href":"http:\/\/zonade3.com.ar\/blog\/wp-json\/wp\/v2\/posts"}],"about":[{"href":"http:\/\/zonade3.com.ar\/blog\/wp-json\/wp\/v2\/types\/post"}],"author":[{"embeddable":true,"href":"http:\/\/zonade3.com.ar\/blog\/wp-json\/wp\/v2\/users\/2"}],"replies":[{"embeddable":true,"href":"http:\/\/zonade3.com.ar\/blog\/wp-json\/wp\/v2\/comments?post=14186"}],"version-history":[{"count":1,"href":"http:\/\/zonade3.com.ar\/blog\/wp-json\/wp\/v2\/posts\/14186\/revisions"}],"predecessor-version":[{"id":14188,"href":"http:\/\/zonade3.com.ar\/blog\/wp-json\/wp\/v2\/posts\/14186\/revisions\/14188"}],"wp:featuredmedia":[{"embeddable":true,"href":"http:\/\/zonade3.com.ar\/blog\/wp-json\/wp\/v2\/media\/14187"}],"wp:attachment":[{"href":"http:\/\/zonade3.com.ar\/blog\/wp-json\/wp\/v2\/media?parent=14186"}],"wp:term":[{"taxonomy":"category","embeddable":true,"href":"http:\/\/zonade3.com.ar\/blog\/wp-json\/wp\/v2\/categories?post=14186"},{"taxonomy":"post_tag","embeddable":true,"href":"http:\/\/zonade3.com.ar\/blog\/wp-json\/wp\/v2\/tags?post=14186"}],"curies":[{"name":"wp","href":"https:\/\/api.w.org\/{rel}","templated":true}]}}