{"id":14810,"date":"2024-10-31T03:33:37","date_gmt":"2024-10-31T03:33:37","guid":{"rendered":"http:\/\/zonade3.com.ar\/blog\/?p=14810"},"modified":"2024-10-31T03:41:48","modified_gmt":"2024-10-31T03:41:48","slug":"barbarini-el-primer-en-llegar","status":"publish","type":"post","link":"http:\/\/zonade3.com.ar\/blog\/barbarini-el-primer-en-llegar\/","title":{"rendered":"Barbarini, el primero en llegar"},"content":{"rendered":"\n<p>El \u00e1rbitro Andr\u00e9s Barbarini se convirti\u00f3 en el primer sanfrancisque\u00f1o en dirigir un partido de la Liga Nacional. Fue en el encuentro que Quimsa de Santiago del Estero derrot\u00f3 a Argentino de Jun\u00edn.<\/p>\n\n\n\n<p>Barbarini fue parte de la terna, junto a Oscar Br\u00edtez y Danilo Molina, del partido entre Quimsa de Santiago del Estero y Argentino de Jun\u00edn en el estadio \u201cCiudad\u201d de la \u201cMadres de ciudades\u201d.<\/p>\n\n\n\n<p>Es \u00e1rbitro de la Asociaci\u00f3n de San Francisco y tambi\u00e9n dirige desde el 2008 la Liga Provincial para la Federaci\u00f3n Cordobesa. Tras haber arrancado en el 2013 en la Liga Federal, se instal\u00f3 en el 2018 en la Liga Argentina donde este a\u00f1o en la pasada temporada lleg\u00f3 a dirigir uno de los partidos de la Final de la Conferencia Sur.<\/p>\n\n\n\n<p>Tras 20 a\u00f1os en el arbitraje le lleg\u00f3 el momento de ser parte de un partido de la m\u00e1xima categor\u00eda del b\u00e1squet argentino, logrando as\u00ed un hecho hist\u00f3rico para el deporte de San Francisco y zona.<br><br>Fuente: DiarioSports <\/p>\n\n\n\n<p><\/p>\n","protected":false},"excerpt":{"rendered":"<p>El \u00e1rbitro Andr\u00e9s Barbarini se convirti\u00f3 en el primer sanfrancisque\u00f1o en dirigir un partido de la Liga Nacional.<\/p>\n","protected":false},"author":2,"featured_media":14811,"comment_status":"open","ping_status":"open","sticky":false,"template":"","format":"standard","meta":{"footnotes":""},"categories":[8],"tags":[],"class_list":["post-14810","post","type-post","status-publish","format-standard","has-post-thumbnail","hentry","category-liga-nacional"],"_links":{"self":[{"href":"http:\/\/zonade3.com.ar\/blog\/wp-json\/wp\/v2\/posts\/14810","targetHints":{"allow":["GET"]}}],"collection":[{"href":"http:\/\/zonade3.com.ar\/blog\/wp-json\/wp\/v2\/posts"}],"about":[{"href":"http:\/\/zonade3.com.ar\/blog\/wp-json\/wp\/v2\/types\/post"}],"author":[{"embeddable":true,"href":"http:\/\/zonade3.com.ar\/blog\/wp-json\/wp\/v2\/users\/2"}],"replies":[{"embeddable":true,"href":"http:\/\/zonade3.com.ar\/blog\/wp-json\/wp\/v2\/comments?post=14810"}],"version-history":[{"count":2,"href":"http:\/\/zonade3.com.ar\/blog\/wp-json\/wp\/v2\/posts\/14810\/revisions"}],"predecessor-version":[{"id":14816,"href":"http:\/\/zonade3.com.ar\/blog\/wp-json\/wp\/v2\/posts\/14810\/revisions\/14816"}],"wp:featuredmedia":[{"embeddable":true,"href":"http:\/\/zonade3.com.ar\/blog\/wp-json\/wp\/v2\/media\/14811"}],"wp:attachment":[{"href":"http:\/\/zonade3.com.ar\/blog\/wp-json\/wp\/v2\/media?parent=14810"}],"wp:term":[{"taxonomy":"category","embeddable":true,"href":"http:\/\/zonade3.com.ar\/blog\/wp-json\/wp\/v2\/categories?post=14810"},{"taxonomy":"post_tag","embeddable":true,"href":"http:\/\/zonade3.com.ar\/blog\/wp-json\/wp\/v2\/tags?post=14810"}],"curies":[{"name":"wp","href":"https:\/\/api.w.org\/{rel}","templated":true}]}}