{"id":14959,"date":"2024-11-25T01:56:51","date_gmt":"2024-11-25T01:56:51","guid":{"rendered":"http:\/\/zonade3.com.ar\/blog\/?p=14959"},"modified":"2024-11-25T01:56:52","modified_gmt":"2024-11-25T01:56:52","slug":"central-argentino-se-hizo-fuerte-en-san-francisco","status":"publish","type":"post","link":"http:\/\/zonade3.com.ar\/blog\/central-argentino-se-hizo-fuerte-en-san-francisco\/","title":{"rendered":"Central Argentino se hizo fuerte en San Francisco"},"content":{"rendered":"\n<p>El Tala no tuvo en su mejor noche y dej\u00f3 escapar la primera posibilidad de conseguir la plaza a la Liga Federal. V\u00edctima de su fluctuando desempe\u00f1o perdi\u00f3 53 a 42 ante Central Argentino de Villa Mar\u00eda que se qued\u00f3 con la serie de play off -2 a 1- de cuartos de final. Los parciales fueron: 1\u00bac: 4- 19; 2\u00bac: 19- 24 (15-5); 3\u00bac: 26- 43 (7-19); 4\u00bac: 42- 53 (16-10).<br><br>El Tala pr\u00e1cticamente no sali\u00f3 a jugar el primer cuarto y la visita lo aprovech\u00f3 al m\u00e1ximo para establecer un sorpresivo 19- 4. Escasas anotaciones del local que llegaron por los libres de Godino.<br><br>En ese contexto, el desarrollo se le hizo cuesta arriba al due\u00f1o de casa. Con un parcial desperdiciado, en el segundo cuarto supo ajustar las marcas y mostr\u00f3 m\u00e1s claridad en ataque donde asomaron varias manos para convertir, incluso los triples de Falasconi y Saldivar acortaron a 10 puntos en distintos pasajes.<\/p>\n\n\n\n<p>Saludable reacci\u00f3n en la que Primo, mediante una canasta, lim\u00f3 a 8 la diferencia (16-24) restando 1\u201930 y tras cart\u00f3n una \u201cbomba\u201d de Lozano le permiti\u00f3 a El Tala, ganar el cuarto y maquillar el intermitente funcionamiento de la primera parte.<\/p>\n\n\n\n<p>En la reanudaci\u00f3n del juego, sendos triples de Burgos y Bauducco junto a un doble de Aristimu\u00f1o, frenaron la levantada de El Tala que sigui\u00f3 corriendo desde atr\u00e1s. Tercer cuarto en el que reaparecieron las lagunas para complicar a los de Salles que no pudieron evitar que su rival volviera a sentirse c\u00f3modo en el tr\u00e1mite y en el electr\u00f3nico (43- 26). Una diferencia que en el \u00faltimo cuarto El Tala busc\u00f3 recortar pero la proeza no pudo cristalizarse. <br><br>Fuente\/Foto: La Voz Deportiva<\/p>\n\n\n\n<p><\/p>\n","protected":false},"excerpt":{"rendered":"<p>El Tala no tuvo en su mejor noche y dej\u00f3 escapar la primera posibilidad de conseguir la plaza<\/p>\n","protected":false},"author":2,"featured_media":14960,"comment_status":"open","ping_status":"open","sticky":false,"template":"","format":"standard","meta":{"footnotes":""},"categories":[18],"tags":[],"class_list":["post-14959","post","type-post","status-publish","format-standard","has-post-thumbnail","hentry","category-prefederal"],"_links":{"self":[{"href":"http:\/\/zonade3.com.ar\/blog\/wp-json\/wp\/v2\/posts\/14959","targetHints":{"allow":["GET"]}}],"collection":[{"href":"http:\/\/zonade3.com.ar\/blog\/wp-json\/wp\/v2\/posts"}],"about":[{"href":"http:\/\/zonade3.com.ar\/blog\/wp-json\/wp\/v2\/types\/post"}],"author":[{"embeddable":true,"href":"http:\/\/zonade3.com.ar\/blog\/wp-json\/wp\/v2\/users\/2"}],"replies":[{"embeddable":true,"href":"http:\/\/zonade3.com.ar\/blog\/wp-json\/wp\/v2\/comments?post=14959"}],"version-history":[{"count":1,"href":"http:\/\/zonade3.com.ar\/blog\/wp-json\/wp\/v2\/posts\/14959\/revisions"}],"predecessor-version":[{"id":14961,"href":"http:\/\/zonade3.com.ar\/blog\/wp-json\/wp\/v2\/posts\/14959\/revisions\/14961"}],"wp:featuredmedia":[{"embeddable":true,"href":"http:\/\/zonade3.com.ar\/blog\/wp-json\/wp\/v2\/media\/14960"}],"wp:attachment":[{"href":"http:\/\/zonade3.com.ar\/blog\/wp-json\/wp\/v2\/media?parent=14959"}],"wp:term":[{"taxonomy":"category","embeddable":true,"href":"http:\/\/zonade3.com.ar\/blog\/wp-json\/wp\/v2\/categories?post=14959"},{"taxonomy":"post_tag","embeddable":true,"href":"http:\/\/zonade3.com.ar\/blog\/wp-json\/wp\/v2\/tags?post=14959"}],"curies":[{"name":"wp","href":"https:\/\/api.w.org\/{rel}","templated":true}]}}