{"id":15,"date":"2016-10-18T13:48:43","date_gmt":"2016-10-18T13:48:43","guid":{"rendered":"http:\/\/zonade3.com.ar.ar\/blog\/?p=15"},"modified":"2016-10-18T13:48:43","modified_gmt":"2016-10-18T13:48:43","slug":"interasociativo-san-jorge-no-el-pierde-pisada-al-puntero","status":"publish","type":"post","link":"http:\/\/zonade3.com.ar\/blog\/interasociativo-san-jorge-no-el-pierde-pisada-al-puntero\/","title":{"rendered":"INTERASOCIATIVO: SAN JORGE NO EL PIERDE PISADA AL PUNTERO"},"content":{"rendered":"<p>A San Jorge de Brinkmann no le sobr\u00f3 nada pero termin\u00f3 gan\u00e1ndole a San Isidro de San Francisco 75 a 68 en otro de los partidos correspondiente a la 10\u00ba del Clausura. El \u201csanto\u201d de Brinkmann tuvo que batallar duro ante uno de los \u00faltimos de las posiciones.<br \/>\n<strong>Los otros partidos:<\/strong><br \/>\nEl Ceibo 93-64 Cultural Arroyito<br \/>\n9 de Morteros 89-61 9 de Freyre<br \/>\nCentro 86-62 El Tala<br \/>\nPorte\u00f1a 71-60 Tiro<br \/>\nLa fecha\u00a0cerrar\u00e1 el martes 18 con Almafuerte-Devoto.<br \/>\n<strong>POSICIONES:\u00a0<\/strong> 9 de Morteros 19, San Jorge 18, Centro\u00a017, Almafuerte y Porte\u00f1a\u00a016, Devoto y El Ceibo\u00a015, 9 de Freyre y\u00a0El Tala\u00a014, Cultural Arroyito, Tiro y San Isidro\u00a011.<br \/>\n<strong>C\u00f3mo sigue:<\/strong><br \/>\nLunes 17\/10\/2016<br \/>\nNUEVE DE JULIO Vs. NUEVE DE JULIO O. DE FREYRE U-15 \u2013 U-19 20:00 Hs. y 22:00 Hs.<br \/>\nCENTRO SOC. Y DEP. BRINKMANN Vs. CLUB \u201cEL TALA\u201d U-15 \u2013 U-19 20:00 Hs. y 22:00 Hs.<br \/>\nASOC. \u201cEL CEIBO\u201d Vs. CLUB DEP. Y CULTURAL ARROYITO U-15 \u2013 U-17 A partir 19:00 Hs.<\/p>\n<p>Martes 18\/10\/2016<br \/>\nCLUB ATLETICO SAN ISIDRO Vs. CLUB ATL. Y CULTURAL SAN JORGE U-15 \u2013 U-19 20:00 Hs. y 22:00 Hs.<br \/>\nTIRO FED. Vs. PORTE\u00d1A ASOC. CULT. Y DEPORTIVA U-15 \u2013 U-19 19:30 Hs. y 21:30 Hs.<br \/>\nALMAFUERTE LAS VARILLAS Vs. SOC. SPORTIVA DEVOTO U-17 y 1\u00ba Divisi\u00f3n 20:00 Hs. y 22:00 Hs.<\/p>\n<p>Miercoles 19\/10\/2016<br \/>\nCLUB ALMAFUERTE LAS VARILLAS Vs. SOC. SPORTIVA DEVOTO U-15 \u2013 U-19 20:00 Hs. y 22:00 Hs.<br \/>\nFuente: Radio Belgrano<\/p>\n","protected":false},"excerpt":{"rendered":"<p>A San Jorge de Brinkmann no le sobr\u00f3 nada pero termin\u00f3 gan\u00e1ndole a San Isidro de San Francisco<\/p>\n","protected":false},"author":2,"featured_media":16,"comment_status":"open","ping_status":"open","sticky":false,"template":"","format":"standard","meta":{"footnotes":""},"categories":[1],"tags":[],"class_list":["post-15","post","type-post","status-publish","format-standard","has-post-thumbnail","hentry","category-sin-categoria"],"_links":{"self":[{"href":"http:\/\/zonade3.com.ar\/blog\/wp-json\/wp\/v2\/posts\/15","targetHints":{"allow":["GET"]}}],"collection":[{"href":"http:\/\/zonade3.com.ar\/blog\/wp-json\/wp\/v2\/posts"}],"about":[{"href":"http:\/\/zonade3.com.ar\/blog\/wp-json\/wp\/v2\/types\/post"}],"author":[{"embeddable":true,"href":"http:\/\/zonade3.com.ar\/blog\/wp-json\/wp\/v2\/users\/2"}],"replies":[{"embeddable":true,"href":"http:\/\/zonade3.com.ar\/blog\/wp-json\/wp\/v2\/comments?post=15"}],"version-history":[{"count":1,"href":"http:\/\/zonade3.com.ar\/blog\/wp-json\/wp\/v2\/posts\/15\/revisions"}],"predecessor-version":[{"id":17,"href":"http:\/\/zonade3.com.ar\/blog\/wp-json\/wp\/v2\/posts\/15\/revisions\/17"}],"wp:featuredmedia":[{"embeddable":true,"href":"http:\/\/zonade3.com.ar\/blog\/wp-json\/wp\/v2\/media\/16"}],"wp:attachment":[{"href":"http:\/\/zonade3.com.ar\/blog\/wp-json\/wp\/v2\/media?parent=15"}],"wp:term":[{"taxonomy":"category","embeddable":true,"href":"http:\/\/zonade3.com.ar\/blog\/wp-json\/wp\/v2\/categories?post=15"},{"taxonomy":"post_tag","embeddable":true,"href":"http:\/\/zonade3.com.ar\/blog\/wp-json\/wp\/v2\/tags?post=15"}],"curies":[{"name":"wp","href":"https:\/\/api.w.org\/{rel}","templated":true}]}}