{"id":15351,"date":"2025-01-24T20:06:57","date_gmt":"2025-01-24T20:06:57","guid":{"rendered":"http:\/\/zonade3.com.ar\/blog\/?p=15351"},"modified":"2025-01-24T20:17:08","modified_gmt":"2025-01-24T20:17:08","slug":"el-retorno-de-marchiaro-producto-genuino-de-la-noroeste","status":"publish","type":"post","link":"http:\/\/zonade3.com.ar\/blog\/el-retorno-de-marchiaro-producto-genuino-de-la-noroeste\/","title":{"rendered":"El retorno de Marchiaro, producto genuino de la Noroeste"},"content":{"rendered":"\n<p>La nueva cara de Provincial se llama Benjam\u00edn Marchiaro, es ceresino y llega desde Italia para sumarse a la ilusi\u00f3n del Rojo. <strong>Marchiaro es el fiel reflejo de lo brillante de la Asoc. Noroeste en la generaci\u00f3n de jugadores que triunfaron a todo nivel<\/strong> como \u00abJuanse\u00bb Gorosito, los hermanos Alonso, Sebasti\u00e1n Braida, los hermanos Fino, Santiago Andrione, Gast\u00f3n Bertona, entre otros. <\/p>\n\n\n\n<p>Benjam\u00edn convirti\u00f3 8 tantos, 3 rebotes y 1 recupero en el juego donde Provincial cay\u00f3 con Centenario por 95 a 90 en un gran juego en Rosario.<br><br>Es un potente alero que visti\u00f3 la camiseta de Argentina en competencias internacionales de menores (Mundial de Hungr\u00eda U18 2023) y que surgi\u00f3 en Central de Ceres en la \u00e9poca en la que Enrique Lancellotti encabezada el proyecto baquetbol\u00edstico del club en la \u00e9poca de oro de la Noroeste. <br><br>El jugador nacido en 2004 mide 1,98 y puede aportar no s\u00f3lo en el per\u00edmetro sino tambi\u00e9n en la carga al rebote y defensa. <strong>Con Asoc. Noroeste fue protagonista de los cert\u00e1menes provinciales y con Santa Fe fue campe\u00f3n Argentino en menores.<\/strong><br><br>Marchiaro decidi\u00f3 rescindir su contrato con Paperdi Juvecaserta de Italia para retornar al pa\u00eds. A Italia lleg\u00f3 para trabajar con Varese, luego integr\u00f3 el Stella Azzurra en la Euroliga U18, pas\u00f3 a Rieti y tambi\u00e9n jug\u00f3 en Piacenza antes de cerrar su etapa europea en Caserta.<br><br>Fuente: BasquetRosario<br><\/p>\n","protected":false},"excerpt":{"rendered":"<p>La nueva cara de Provincial se llama Benjam\u00edn Marchiaro, es ceresino y llega desde Italia para sumarse a<\/p>\n","protected":false},"author":2,"featured_media":15352,"comment_status":"open","ping_status":"open","sticky":false,"template":"","format":"standard","meta":{"footnotes":""},"categories":[2],"tags":[],"class_list":["post-15351","post","type-post","status-publish","format-standard","has-post-thumbnail","hentry","category-liga-argentina"],"_links":{"self":[{"href":"http:\/\/zonade3.com.ar\/blog\/wp-json\/wp\/v2\/posts\/15351","targetHints":{"allow":["GET"]}}],"collection":[{"href":"http:\/\/zonade3.com.ar\/blog\/wp-json\/wp\/v2\/posts"}],"about":[{"href":"http:\/\/zonade3.com.ar\/blog\/wp-json\/wp\/v2\/types\/post"}],"author":[{"embeddable":true,"href":"http:\/\/zonade3.com.ar\/blog\/wp-json\/wp\/v2\/users\/2"}],"replies":[{"embeddable":true,"href":"http:\/\/zonade3.com.ar\/blog\/wp-json\/wp\/v2\/comments?post=15351"}],"version-history":[{"count":2,"href":"http:\/\/zonade3.com.ar\/blog\/wp-json\/wp\/v2\/posts\/15351\/revisions"}],"predecessor-version":[{"id":15354,"href":"http:\/\/zonade3.com.ar\/blog\/wp-json\/wp\/v2\/posts\/15351\/revisions\/15354"}],"wp:featuredmedia":[{"embeddable":true,"href":"http:\/\/zonade3.com.ar\/blog\/wp-json\/wp\/v2\/media\/15352"}],"wp:attachment":[{"href":"http:\/\/zonade3.com.ar\/blog\/wp-json\/wp\/v2\/media?parent=15351"}],"wp:term":[{"taxonomy":"category","embeddable":true,"href":"http:\/\/zonade3.com.ar\/blog\/wp-json\/wp\/v2\/categories?post=15351"},{"taxonomy":"post_tag","embeddable":true,"href":"http:\/\/zonade3.com.ar\/blog\/wp-json\/wp\/v2\/tags?post=15351"}],"curies":[{"name":"wp","href":"https:\/\/api.w.org\/{rel}","templated":true}]}}