{"id":15377,"date":"2025-02-05T21:05:56","date_gmt":"2025-02-05T21:05:56","guid":{"rendered":"http:\/\/zonade3.com.ar\/blog\/?p=15377"},"modified":"2025-02-05T21:05:57","modified_gmt":"2025-02-05T21:05:57","slug":"el-femenino-se-dividira-en-zonas","status":"publish","type":"post","link":"http:\/\/zonade3.com.ar\/blog\/el-femenino-se-dividira-en-zonas\/","title":{"rendered":"El Femenino se dividir\u00e1 en zonas"},"content":{"rendered":"\n<p>El pasado lunes se concert\u00f3 la reuni\u00f3n del Femenino y ya se comienza a avizorar la temporada 2025. En principio, se dividir\u00e1 en dos zonas, con modalidad de competencia Clausura\/Apertura. Los altos costos y las distancias entre puntos extremos de la amplia regi\u00f3n condicionaron a que el formato sea de esta manera. <br><br>En un zona geogr\u00e1fica estar\u00e1n Nueve y Tiro de Morteros, Sportivo Suardi, Uni\u00f3n de San Guillermo y Libertad de Villa Trinidad mientras que en la restante, Centro y San Jorge, Porte\u00f1a, 9 de Freyre, San Isidro y Sociedad Sportiva de Devoto. Pr\u00f3ximamente est\u00e1 prevista una nueva reuni\u00f3n para avanzar en los detalles organizativos.<br><br>En tanto, recordemos que en la FBPC las LIGAS PROVINCIALES DE CLUBES FORMATIVAS FEMENINAS, CATEGOR\u00cdAS U15, U17 Y U21 tienen fecha de inscripci\u00f3n hasta el 10 de marzo a las 23.59hs. La fecha de inicio ser\u00e1 el domingo 23 de marzo.<\/p>\n\n\n\n<p>Aquellos clubes que participen en las tres categor\u00edas, jugar\u00e1n en formato de TIRAS, aprovechando optimizar la apertura de cancha los d\u00edas de juegos de local y traslados las veces de visitante.<\/p>\n","protected":false},"excerpt":{"rendered":"<p>El pasado lunes se concert\u00f3 la reuni\u00f3n del Femenino y ya se comienza a avizorar la temporada 2025.<\/p>\n","protected":false},"author":2,"featured_media":14968,"comment_status":"open","ping_status":"open","sticky":false,"template":"","format":"standard","meta":{"footnotes":""},"categories":[6],"tags":[],"class_list":["post-15377","post","type-post","status-publish","format-standard","has-post-thumbnail","hentry","category-asoc-morteros"],"_links":{"self":[{"href":"http:\/\/zonade3.com.ar\/blog\/wp-json\/wp\/v2\/posts\/15377","targetHints":{"allow":["GET"]}}],"collection":[{"href":"http:\/\/zonade3.com.ar\/blog\/wp-json\/wp\/v2\/posts"}],"about":[{"href":"http:\/\/zonade3.com.ar\/blog\/wp-json\/wp\/v2\/types\/post"}],"author":[{"embeddable":true,"href":"http:\/\/zonade3.com.ar\/blog\/wp-json\/wp\/v2\/users\/2"}],"replies":[{"embeddable":true,"href":"http:\/\/zonade3.com.ar\/blog\/wp-json\/wp\/v2\/comments?post=15377"}],"version-history":[{"count":3,"href":"http:\/\/zonade3.com.ar\/blog\/wp-json\/wp\/v2\/posts\/15377\/revisions"}],"predecessor-version":[{"id":15381,"href":"http:\/\/zonade3.com.ar\/blog\/wp-json\/wp\/v2\/posts\/15377\/revisions\/15381"}],"wp:featuredmedia":[{"embeddable":true,"href":"http:\/\/zonade3.com.ar\/blog\/wp-json\/wp\/v2\/media\/14968"}],"wp:attachment":[{"href":"http:\/\/zonade3.com.ar\/blog\/wp-json\/wp\/v2\/media?parent=15377"}],"wp:term":[{"taxonomy":"category","embeddable":true,"href":"http:\/\/zonade3.com.ar\/blog\/wp-json\/wp\/v2\/categories?post=15377"},{"taxonomy":"post_tag","embeddable":true,"href":"http:\/\/zonade3.com.ar\/blog\/wp-json\/wp\/v2\/tags?post=15377"}],"curies":[{"name":"wp","href":"https:\/\/api.w.org\/{rel}","templated":true}]}}