{"id":15425,"date":"2025-02-14T03:37:04","date_gmt":"2025-02-14T03:37:04","guid":{"rendered":"http:\/\/zonade3.com.ar\/blog\/?p=15425"},"modified":"2025-02-14T03:37:05","modified_gmt":"2025-02-14T03:37:05","slug":"san-francisco-con-dos-menos","status":"publish","type":"post","link":"http:\/\/zonade3.com.ar\/blog\/san-francisco-con-dos-menos\/","title":{"rendered":"San Francisco, con dos menos"},"content":{"rendered":"\n<p>Durante el 2025, al menos por el Torneo Apertura, la Asociaci\u00f3n de San Francisco tendr\u00e1 solamente cinco instituciones en competencia. Luego de la buena noticia a inicios de 2024 con la incorporaci\u00f3n de 9 de Julio de Freyre, que aument\u00f3 el n\u00famero de equipos, ahora el rev\u00e9s es doble.<\/p>\n\n\n\n<p>El \u201cpatrio\u201d regresar\u00e1 a la Asociaci\u00f3n de Morteros, pero quien decidi\u00f3 cambiar de aire es Almafuerte de Las Varillas que solicit\u00f3 ser parte de la Asociaci\u00f3n de Villa Mar\u00eda (al menos por un a\u00f1o). El \u201ctricolor\u201d tom\u00f3 la determinaci\u00f3n por los constantes viajes que realizaba sobre una ruta en mal estado como es la 158, el desorden de partidos semanales y los altos costos de cuota mensual, entre otros puntos, seg\u00fan le comentaron a los colegas de DiarioSports.<\/p>\n\n\n\n<p>Los que estar\u00e1n en competencia ser\u00e1n: El Ceibo, El Tala, San Isidro, Cultural de Arroyito y Sociedad Sportiva Devoto, sumado a Alumni en minibasquet. Si bien el formato a\u00fan no fue oficializado, si se aprob\u00f3 que en 2025 se jugar\u00e1 en formato \u201ctira\u201d los d\u00edas s\u00e1bado, congregando en esa jornada la mayor cantidad de juegos, posiblemente adelantando a los viernes la divisi\u00f3n primera.<\/p>\n\n\n\n<p>Los clubes podr\u00e1n suplantar la falta de partidos en la primera mitad de a\u00f1o con la participaci\u00f3n en Liga Provincial, mientras que para el Clausura los que no clasifiquen a Ligas Federales deber\u00e1n buscar alternativas para incrementar un n\u00famero que ser\u00e1 bajo si se depende solamente de la local. Una de las posibilidades que la Asociaci\u00f3n baraja es sumar partidos con la Asociaci\u00f3n de Rafaela en cuadrangulares especiales, tambi\u00e9n analizan jugar tres rondas por torneo entre los actuales integrantes.<br><br>Fuente: DiarioSports<\/p>\n\n\n\n<p><\/p>\n","protected":false},"excerpt":{"rendered":"<p>Durante el 2025, al menos por el Torneo Apertura, la Asociaci\u00f3n de San Francisco tendr\u00e1 solamente cinco instituciones<\/p>\n","protected":false},"author":2,"featured_media":15426,"comment_status":"open","ping_status":"open","sticky":false,"template":"","format":"standard","meta":{"footnotes":""},"categories":[16],"tags":[],"class_list":["post-15425","post","type-post","status-publish","format-standard","has-post-thumbnail","hentry","category-novedades"],"_links":{"self":[{"href":"http:\/\/zonade3.com.ar\/blog\/wp-json\/wp\/v2\/posts\/15425","targetHints":{"allow":["GET"]}}],"collection":[{"href":"http:\/\/zonade3.com.ar\/blog\/wp-json\/wp\/v2\/posts"}],"about":[{"href":"http:\/\/zonade3.com.ar\/blog\/wp-json\/wp\/v2\/types\/post"}],"author":[{"embeddable":true,"href":"http:\/\/zonade3.com.ar\/blog\/wp-json\/wp\/v2\/users\/2"}],"replies":[{"embeddable":true,"href":"http:\/\/zonade3.com.ar\/blog\/wp-json\/wp\/v2\/comments?post=15425"}],"version-history":[{"count":1,"href":"http:\/\/zonade3.com.ar\/blog\/wp-json\/wp\/v2\/posts\/15425\/revisions"}],"predecessor-version":[{"id":15427,"href":"http:\/\/zonade3.com.ar\/blog\/wp-json\/wp\/v2\/posts\/15425\/revisions\/15427"}],"wp:featuredmedia":[{"embeddable":true,"href":"http:\/\/zonade3.com.ar\/blog\/wp-json\/wp\/v2\/media\/15426"}],"wp:attachment":[{"href":"http:\/\/zonade3.com.ar\/blog\/wp-json\/wp\/v2\/media?parent=15425"}],"wp:term":[{"taxonomy":"category","embeddable":true,"href":"http:\/\/zonade3.com.ar\/blog\/wp-json\/wp\/v2\/categories?post=15425"},{"taxonomy":"post_tag","embeddable":true,"href":"http:\/\/zonade3.com.ar\/blog\/wp-json\/wp\/v2\/tags?post=15425"}],"curies":[{"name":"wp","href":"https:\/\/api.w.org\/{rel}","templated":true}]}}