{"id":15428,"date":"2025-02-15T20:47:40","date_gmt":"2025-02-15T20:47:40","guid":{"rendered":"http:\/\/zonade3.com.ar\/blog\/?p=15428"},"modified":"2025-02-15T20:47:41","modified_gmt":"2025-02-15T20:47:41","slug":"cierre-del-campus-de-deteccion-en-formativas","status":"publish","type":"post","link":"http:\/\/zonade3.com.ar\/blog\/cierre-del-campus-de-deteccion-en-formativas\/","title":{"rendered":"Cierre del Campus de Detecci\u00f3n en Formativas"},"content":{"rendered":"\n<p>La FBPC recibi\u00f3 la visita del Staff de Selecciones Formativas Nacionales desde el lunes 10 al jueves 13 de febrero en las ciudades de San Francisco y C\u00f3rdoba. La delegaci\u00f3n de la Confederaci\u00f3n Argentina de B\u00e1squet estuvo integrada por: Hern\u00e1n Tettamanti (Director de Selecciones), Sebasti\u00e1n Rodr\u00edguez (Director de Mini B\u00e1squet), Mariano Marcos (Coordinador de Selecciones Formativas), Leonardo Guti\u00e9rrez (Entrenador), Daiana Di Benedetto (Entrenadora), Paula Budini (Entrenadora) y Yonathan Rodr\u00edguez (Preparador F\u00edsico).<\/p>\n\n\n\n<p>Los clubes de San Isidro y El Ceibo de la ciudad de San Francisco e Hind\u00fa Club de C\u00f3rdoba fueron las sedes de los entrenamientos de los chicos y chicas de las categor\u00edas 2008, 2009 y 2010. La CAB emprendi\u00f3 esta visita a nuestra Provincia con el objetivo de observar y detectar nuevos talentos para la composici\u00f3n de los distintos seleccionados nacionales que afrontar\u00e1n este a\u00f1o sus competencias internacionales.<\/p>\n\n\n\n<p>Julian Badosa (San Isidro), Lautaro Oitana (El Ceibo), Juan Pablo Copetti (El Tala), Esteban Olivero (San Isidro), Germ\u00e1n Giaveno (Centro Social), Francisco Boiero (Bol\u00edvar) y Facundo Zamudio (Hind\u00fa) fueron los\/las entrenadores\/as de la Provincia que colaboraron durante las jornadas en ambas ciudades.<\/p>\n\n\n\n<p>Otro momento destacado de la vista de CAB fueron las dos Reuniones Abiertas junto entrenadores y entrenadoras de las categor\u00edas formativas de la regi\u00f3n. El primer encuentro se llev\u00f3 a cabo en la ciudad de San Francisco el d\u00eda lunes y el segundo el mi\u00e9rcoles en C\u00f3rdoba Capital. Durante las reuniones, la CAB present\u00f3 el Programa de Mini B\u00e1squet 2025 y posteriormente se debati\u00f3, junto a los profes asistentes, diversas tem\u00e1ticas relacionadas con la gesti\u00f3n y el aspecto deportivo.<\/p>\n\n\n\n<p>Los entrenamientos en la Ciudad de C\u00f3rdoba contaron con la presencia del cordob\u00e9s (nacido en Marcos Ju\u00e1rez) Leonardo Guti\u00e9rrez, ex jugador multicampe\u00f3n de Liga Nacional, integrante de la Generaci\u00f3n Dorada y actual entrenador de Selecciones Nacionales Formativas.<\/p>\n\n\n\n<p>\u201dPara m\u00ed es un placer estar ac\u00e1 en C\u00f3rdoba para compartir momentos con entrenadores, directivos y chicos. Me gusta trabajar con los chicos j\u00f3venes. Es una buena iniciativa de CAB salir al interior a detectar talentos j\u00f3venes para conformar las selecciones formativas\u201d, afirm\u00f3 Leo Guti\u00e9rrez.<\/p>\n\n\n\n<p>Fuente: Prensa FBPC<\/p>\n\n\n\n<p><\/p>\n","protected":false},"excerpt":{"rendered":"<p>La FBPC recibi\u00f3 la visita del Staff de Selecciones Formativas Nacionales desde el lunes 10 al jueves 13<\/p>\n","protected":false},"author":2,"featured_media":15429,"comment_status":"open","ping_status":"open","sticky":false,"template":"","format":"standard","meta":{"footnotes":""},"categories":[14],"tags":[],"class_list":["post-15428","post","type-post","status-publish","format-standard","has-post-thumbnail","hentry","category-confederativas"],"_links":{"self":[{"href":"http:\/\/zonade3.com.ar\/blog\/wp-json\/wp\/v2\/posts\/15428","targetHints":{"allow":["GET"]}}],"collection":[{"href":"http:\/\/zonade3.com.ar\/blog\/wp-json\/wp\/v2\/posts"}],"about":[{"href":"http:\/\/zonade3.com.ar\/blog\/wp-json\/wp\/v2\/types\/post"}],"author":[{"embeddable":true,"href":"http:\/\/zonade3.com.ar\/blog\/wp-json\/wp\/v2\/users\/2"}],"replies":[{"embeddable":true,"href":"http:\/\/zonade3.com.ar\/blog\/wp-json\/wp\/v2\/comments?post=15428"}],"version-history":[{"count":1,"href":"http:\/\/zonade3.com.ar\/blog\/wp-json\/wp\/v2\/posts\/15428\/revisions"}],"predecessor-version":[{"id":15430,"href":"http:\/\/zonade3.com.ar\/blog\/wp-json\/wp\/v2\/posts\/15428\/revisions\/15430"}],"wp:featuredmedia":[{"embeddable":true,"href":"http:\/\/zonade3.com.ar\/blog\/wp-json\/wp\/v2\/media\/15429"}],"wp:attachment":[{"href":"http:\/\/zonade3.com.ar\/blog\/wp-json\/wp\/v2\/media?parent=15428"}],"wp:term":[{"taxonomy":"category","embeddable":true,"href":"http:\/\/zonade3.com.ar\/blog\/wp-json\/wp\/v2\/categories?post=15428"},{"taxonomy":"post_tag","embeddable":true,"href":"http:\/\/zonade3.com.ar\/blog\/wp-json\/wp\/v2\/tags?post=15428"}],"curies":[{"name":"wp","href":"https:\/\/api.w.org\/{rel}","templated":true}]}}