{"id":15479,"date":"2025-03-03T20:55:59","date_gmt":"2025-03-03T20:55:59","guid":{"rendered":"http:\/\/zonade3.com.ar\/blog\/?p=15479"},"modified":"2025-03-03T20:56:00","modified_gmt":"2025-03-03T20:56:00","slug":"se-inicia-la-tercera-categoria-del-basquetbol-nacional","status":"publish","type":"post","link":"http:\/\/zonade3.com.ar\/blog\/se-inicia-la-tercera-categoria-del-basquetbol-nacional\/","title":{"rendered":"Se inicia la tercera categor\u00eda del basquetbol nacional"},"content":{"rendered":"\n<p>Este viernes 7 comenzar\u00e1 a rodar el bal\u00f3n en la Liga Federal, la tercera categor\u00eda del b\u00e1squet nacional, y estos son los cruces de las primeras dos semanas de competencia en una hist\u00f3rica edici\u00f3n de 110 clubes. 9 de Julio de Morteros juega la conferencia Oeste B y debuta con Central Argentino de local. <\/p>\n\n\n\n<p>La jornada inaugural de la competencia, a disputarse el viernes 7, ofrecer\u00e1 nueve atractivos encuentros: dos correspondientes a la Conferencia Sudeste A, tres de la Litoral y cuatro que animan la Metropolitana B. A continuaci\u00f3n, presentamos el fixture de las dos primeras semanas de competencia para cada Conferencia.<\/p>\n\n\n\n<p>Cabe resaltar que el cronograma completo de la Fase Regular estar\u00e1 cargado en el sistema Gesdeportiva para visualizaci\u00f3n de los clubes, mientras que cada fan\u00e1tico del b\u00e1squet argentino podr\u00e1 encontrarlo en la app de CAB disponible para Android y iOS. <br><br><strong>Conferencia OESTE B<\/strong><\/p>\n\n\n\n<p>Mi\u00e9rcoles 12\/03\/2025:<br>9 Julio Morteros &#8211; Central Argentino<\/p>\n\n\n\n<p>Jueves 13\/03\/2025:<br>Almafuerte LV &#8211; Bochas Sport C<\/p>\n\n\n\n<p>Domingo 16\/03\/2025:<br>Central Argentino &#8211; El Tala<\/p>\n\n\n\n<p>Lunes 17\/03\/2025:<br>Bochas Sport C &#8211; El Ceibo<\/p>\n\n\n\n<p>Martes 18\/03\/2025:<br>9 Julio Morteros &#8211; Almafuerte LV<\/p>\n\n\n\n<p>Jueves 20\/03\/2025:<br>El Ceibo &#8211; El Tala C\u00f3rdoba<\/p>\n\n\n\n<p>Viernes 21\/03\/2025:<br>Almafuerte LV &#8211; Central Argentino<\/p>\n\n\n\n<p>S\u00e1bado 22\/03\/2025:<br>Bochas Sport C &#8211; 9 Julio Morteros<\/p>\n\n\n\n<p>Domingo 23\/03\/2025:<br>Central Argentino &#8211; El Ceibo<\/p>\n\n\n\n<p><\/p>\n","protected":false},"excerpt":{"rendered":"<p>Este viernes 7 comenzar\u00e1 a rodar el bal\u00f3n en la Liga Federal, la tercera categor\u00eda del b\u00e1squet nacional,<\/p>\n","protected":false},"author":2,"featured_media":13643,"comment_status":"open","ping_status":"open","sticky":false,"template":"","format":"standard","meta":{"footnotes":""},"categories":[5],"tags":[],"class_list":["post-15479","post","type-post","status-publish","format-standard","has-post-thumbnail","hentry","category-liga-federal"],"_links":{"self":[{"href":"http:\/\/zonade3.com.ar\/blog\/wp-json\/wp\/v2\/posts\/15479","targetHints":{"allow":["GET"]}}],"collection":[{"href":"http:\/\/zonade3.com.ar\/blog\/wp-json\/wp\/v2\/posts"}],"about":[{"href":"http:\/\/zonade3.com.ar\/blog\/wp-json\/wp\/v2\/types\/post"}],"author":[{"embeddable":true,"href":"http:\/\/zonade3.com.ar\/blog\/wp-json\/wp\/v2\/users\/2"}],"replies":[{"embeddable":true,"href":"http:\/\/zonade3.com.ar\/blog\/wp-json\/wp\/v2\/comments?post=15479"}],"version-history":[{"count":1,"href":"http:\/\/zonade3.com.ar\/blog\/wp-json\/wp\/v2\/posts\/15479\/revisions"}],"predecessor-version":[{"id":15480,"href":"http:\/\/zonade3.com.ar\/blog\/wp-json\/wp\/v2\/posts\/15479\/revisions\/15480"}],"wp:featuredmedia":[{"embeddable":true,"href":"http:\/\/zonade3.com.ar\/blog\/wp-json\/wp\/v2\/media\/13643"}],"wp:attachment":[{"href":"http:\/\/zonade3.com.ar\/blog\/wp-json\/wp\/v2\/media?parent=15479"}],"wp:term":[{"taxonomy":"category","embeddable":true,"href":"http:\/\/zonade3.com.ar\/blog\/wp-json\/wp\/v2\/categories?post=15479"},{"taxonomy":"post_tag","embeddable":true,"href":"http:\/\/zonade3.com.ar\/blog\/wp-json\/wp\/v2\/tags?post=15479"}],"curies":[{"name":"wp","href":"https:\/\/api.w.org\/{rel}","templated":true}]}}