{"id":16053,"date":"2025-06-06T03:31:04","date_gmt":"2025-06-06T03:31:04","guid":{"rendered":"http:\/\/zonade3.com.ar\/blog\/?p=16053"},"modified":"2025-06-06T03:31:10","modified_gmt":"2025-06-06T03:31:10","slug":"en-la-previa-de-la-copa-confraternidad","status":"publish","type":"post","link":"http:\/\/zonade3.com.ar\/blog\/en-la-previa-de-la-copa-confraternidad\/","title":{"rendered":"En la previa de la \u00abCopa Confraternidad\u00bb"},"content":{"rendered":"\n<p>D\u00edas previos a la iniciativa conjunta de la Asoc. Rafaelina con la Asociaci\u00f3n Civil del Noroeste Santafesino quienes decidieron dar el paso y armar una competencia mas amplia. Ser\u00e1n doce los participantes que se enfrentar\u00e1n en Copa de Oro, Plata y Bronce, el domingo 8 y lunes 16 de junio.<\/p>\n\n\n\n<p>Los equipos participantes son: 9 de Julio, Atl\u00e9tico de Rafaela, Independiente, Sportivo Ben Hur, Racing LTC de San Crist\u00f3bal, Libertad y Uni\u00f3n de Sunchales, por la Asociaci\u00f3n Rafaelina. En tanto, por Noroeste se presentar\u00e1n Atl\u00e9tico Ceres Uni\u00f3n, Atl\u00e9tico Tostado, Central Argentino de Ceres, San Lorenzo de Tostado y Uni\u00f3n y Juventud de Bandera.<\/p>\n\n\n\n<p><strong>Copa de Oro<\/strong><br>Se jugar\u00e1 en \u00abLa Fortaleza del Bicho\u00bb, de Sunchales. El domingo 8 de junio se jugar\u00e1n las semifinales: a las 17.00 Libertad se medir\u00e1 con Uni\u00f3n y Juventud (Bandera), mientras que a las 19.30 horas, Uni\u00f3n recibe a San Lorenzo de Tostado. El lunes 16, en los mismos horarios ser\u00e1n las definiciones. En primer turno se jugar\u00e1 el partido por el tercer puesto y posteriormente se llevar\u00e1 a cabo la final.<\/p>\n\n\n\n<p><strong>Copa de Plata<\/strong><br>La sede ser\u00e1 el \u00abArq. Lucio Casar\u00edn\u00bb. El domingo 8 de junio habr\u00e1 semifinales, donde 9 de Julio se enfrentar\u00e1 a Atl\u00e9tico Tostado desde las 17:00, en tanto que Atl\u00e9tico Rafaela se ver\u00e1 las caras con Central Argentino a partir de las 19:30. El lunes 16 se jugar\u00e1n los partidos por el tercer y cuarto puesto y la definici\u00f3n por el t\u00edtulo, comenzando todo a las 17.00.<\/p>\n\n\n\n<p><strong>Copa de Bronce<\/strong><br>Los partidos tendr\u00e1n lugar en el \u00abAmancio Fuentes\u00bb de San Crist\u00f3bal. All\u00ed, el domingo 8 jugar\u00e1n Independiente vs CACU a las 17:00, y Racing LTC vs Ben Hur, desde las 19:30. Como en las otras dos copas, el lunes 16 se jugar\u00e1n los partidos por el tercer puesto y la final, a partir de las 17:00.<br><br>Foto: Peri\u00f3dico Sur<\/p>\n\n\n\n<p><\/p>\n","protected":false},"excerpt":{"rendered":"<p>D\u00edas previos a la iniciativa conjunta de la Asoc. Rafaelina con la Asociaci\u00f3n Civil del Noroeste Santafesino quienes<\/p>\n","protected":false},"author":2,"featured_media":16054,"comment_status":"open","ping_status":"open","sticky":false,"template":"","format":"standard","meta":{"footnotes":""},"categories":[9],"tags":[],"class_list":["post-16053","post","type-post","status-publish","format-standard","has-post-thumbnail","hentry","category-asociativas"],"_links":{"self":[{"href":"http:\/\/zonade3.com.ar\/blog\/wp-json\/wp\/v2\/posts\/16053","targetHints":{"allow":["GET"]}}],"collection":[{"href":"http:\/\/zonade3.com.ar\/blog\/wp-json\/wp\/v2\/posts"}],"about":[{"href":"http:\/\/zonade3.com.ar\/blog\/wp-json\/wp\/v2\/types\/post"}],"author":[{"embeddable":true,"href":"http:\/\/zonade3.com.ar\/blog\/wp-json\/wp\/v2\/users\/2"}],"replies":[{"embeddable":true,"href":"http:\/\/zonade3.com.ar\/blog\/wp-json\/wp\/v2\/comments?post=16053"}],"version-history":[{"count":1,"href":"http:\/\/zonade3.com.ar\/blog\/wp-json\/wp\/v2\/posts\/16053\/revisions"}],"predecessor-version":[{"id":16055,"href":"http:\/\/zonade3.com.ar\/blog\/wp-json\/wp\/v2\/posts\/16053\/revisions\/16055"}],"wp:featuredmedia":[{"embeddable":true,"href":"http:\/\/zonade3.com.ar\/blog\/wp-json\/wp\/v2\/media\/16054"}],"wp:attachment":[{"href":"http:\/\/zonade3.com.ar\/blog\/wp-json\/wp\/v2\/media?parent=16053"}],"wp:term":[{"taxonomy":"category","embeddable":true,"href":"http:\/\/zonade3.com.ar\/blog\/wp-json\/wp\/v2\/categories?post=16053"},{"taxonomy":"post_tag","embeddable":true,"href":"http:\/\/zonade3.com.ar\/blog\/wp-json\/wp\/v2\/tags?post=16053"}],"curies":[{"name":"wp","href":"https:\/\/api.w.org\/{rel}","templated":true}]}}