{"id":16056,"date":"2025-06-06T03:37:45","date_gmt":"2025-06-06T03:37:45","guid":{"rendered":"http:\/\/zonade3.com.ar\/blog\/?p=16056"},"modified":"2025-06-06T03:37:46","modified_gmt":"2025-06-06T03:37:46","slug":"confalonieri-no-queremos-que-esto-sea-el-techo","status":"publish","type":"post","link":"http:\/\/zonade3.com.ar\/blog\/confalonieri-no-queremos-que-esto-sea-el-techo\/","title":{"rendered":"Confalonieri: \u00abNo queremos que esto sea el techo\u00bb"},"content":{"rendered":"\n<p>El escolta de 9 de Julio expres\u00f3 la ambici\u00f3n con la que los morterenses afrontan el inicio de los Playoffs Interconferencias ante Talleres de Taf\u00ed Viejo. La serie comienza este viernes, desde las 21.30, en Morteros.<\/p>\n\n\n\n<p>Luego del triunfo en la serie sobre Facundo que les permiti\u00f3 avanzar en el torneo, el plantel ya espera el pr\u00f3ximo desaf\u00edo. \u201cEstamos preparando el partido desde que terminamos de jugar contra Facundo. Sab\u00edamos qui\u00e9n era el rival, tuvimos un fin de semana para descansar y, a partir de esta semana, lo estamos analizando y proyectando nuestro juego en equipo, que es lo que nos va a dar frutos el viernes\u201d, asegur\u00f3 Confalonieri.<\/p>\n\n\n\n<p>El buen clima en el club es evidente ante la expectativa por esta hist\u00f3rica serie. \u201cEstamos muy ansiosos por el partido, contentos tambi\u00e9n por la instancia en la que estamos. Es la primera vez que el club llega a esta etapa y no queremos que sea el techo, sino el piso para seguir avanzando y llevarnos la serie\u201d, expres\u00f3 el escolta.<\/p>\n\n\n\n<p>El equipo de Morteros buscar\u00e1 dar un paso m\u00e1s en este emocionante camino por La Liga Federal, con la ilusi\u00f3n intacta y el objetivo claro. El primer juego ante Talleres, que viene de superar a Tokio de Posadas en tres juegos, ser\u00e1 este viernes 6 de junio a las 21:30 en el Estadio \u00abCarlos Palito Cerutti\u00bb.<br><br>Fuente\/Foto: Prensa 9 de Julio<\/p>\n","protected":false},"excerpt":{"rendered":"<p>El escolta de 9 de Julio expres\u00f3 la ambici\u00f3n con la que los morterenses afrontan el inicio de<\/p>\n","protected":false},"author":2,"featured_media":16057,"comment_status":"open","ping_status":"open","sticky":false,"template":"","format":"standard","meta":{"footnotes":""},"categories":[5],"tags":[],"class_list":["post-16056","post","type-post","status-publish","format-standard","has-post-thumbnail","hentry","category-liga-federal"],"_links":{"self":[{"href":"http:\/\/zonade3.com.ar\/blog\/wp-json\/wp\/v2\/posts\/16056","targetHints":{"allow":["GET"]}}],"collection":[{"href":"http:\/\/zonade3.com.ar\/blog\/wp-json\/wp\/v2\/posts"}],"about":[{"href":"http:\/\/zonade3.com.ar\/blog\/wp-json\/wp\/v2\/types\/post"}],"author":[{"embeddable":true,"href":"http:\/\/zonade3.com.ar\/blog\/wp-json\/wp\/v2\/users\/2"}],"replies":[{"embeddable":true,"href":"http:\/\/zonade3.com.ar\/blog\/wp-json\/wp\/v2\/comments?post=16056"}],"version-history":[{"count":1,"href":"http:\/\/zonade3.com.ar\/blog\/wp-json\/wp\/v2\/posts\/16056\/revisions"}],"predecessor-version":[{"id":16058,"href":"http:\/\/zonade3.com.ar\/blog\/wp-json\/wp\/v2\/posts\/16056\/revisions\/16058"}],"wp:featuredmedia":[{"embeddable":true,"href":"http:\/\/zonade3.com.ar\/blog\/wp-json\/wp\/v2\/media\/16057"}],"wp:attachment":[{"href":"http:\/\/zonade3.com.ar\/blog\/wp-json\/wp\/v2\/media?parent=16056"}],"wp:term":[{"taxonomy":"category","embeddable":true,"href":"http:\/\/zonade3.com.ar\/blog\/wp-json\/wp\/v2\/categories?post=16056"},{"taxonomy":"post_tag","embeddable":true,"href":"http:\/\/zonade3.com.ar\/blog\/wp-json\/wp\/v2\/tags?post=16056"}],"curies":[{"name":"wp","href":"https:\/\/api.w.org\/{rel}","templated":true}]}}